{"id":1272,"date":"2016-03-31T12:00:52","date_gmt":"2016-03-31T10:00:52","guid":{"rendered":"https:\/\/ferrolan.es\/blog\/?p=1272"},"modified":"2025-10-06T17:11:49","modified_gmt":"2025-10-06T15:11:49","slug":"revat-cal-fino-estuco-fino-de-cal-acabados-mate-o-brillante-n647","status":"publish","type":"post","link":"https:\/\/ferrolan.es\/blog\/revat-cal-fino-estuco-fino-de-cal-acabados-mate-o-brillante-n647\/","title":{"rendered":"Revat Cal Fino, Estuco fino de cal acabados mate o brillante"},"content":{"rendered":"[vc_row type=\u00bbin_container\u00bb full_screen_row_position=\u00bbmiddle\u00bb column_margin=\u00bbdefault\u00bb column_direction=\u00bbdefault\u00bb column_direction_tablet=\u00bbdefault\u00bb column_direction_phone=\u00bbdefault\u00bb scene_position=\u00bbcenter\u00bb text_color=\u00bbdark\u00bb text_align=\u00bbleft\u00bb row_border_radius=\u00bbnone\u00bb row_border_radius_applies=\u00bbbg\u00bb overflow=\u00bbvisible\u00bb overlay_strength=\u00bb0.3&#8243; gradient_direction=\u00bbleft_to_right\u00bb shape_divider_position=\u00bbbottom\u00bb bg_image_animation=\u00bbnone\u00bb][vc_column column_padding=\u00bbno-extra-padding\u00bb column_padding_tablet=\u00bbinherit\u00bb column_padding_phone=\u00bbinherit\u00bb column_padding_position=\u00bball\u00bb column_element_spacing=\u00bbdefault\u00bb background_color_opacity=\u00bb1&#8243; background_hover_color_opacity=\u00bb1&#8243; column_shadow=\u00bbnone\u00bb column_border_radius=\u00bbnone\u00bb column_link_target=\u00bb_self\u00bb column_position=\u00bbdefault\u00bb gradient_direction=\u00bbleft_to_right\u00bb overlay_strength=\u00bb0.3&#8243; width=\u00bb1\/1&#8243; tablet_width_inherit=\u00bbdefault\u00bb tablet_text_alignment=\u00bbdefault\u00bb phone_text_alignment=\u00bbdefault\u00bb animation_type=\u00bbdefault\u00bb bg_image_animation=\u00bbnone\u00bb border_type=\u00bbsimple\u00bb column_border_width=\u00bbnone\u00bb column_border_style=\u00bbsolid\u00bb][vc_column_text]Revat Cal Fino es un mortero fino a base de cal a\u00e9rea, \u00e1ridos seleccionados, resinas sint\u00e9ticas y diferentes aditivos, que proporcionan un acabado altamente decorativo del edificio y todo tipo de fachadas y paramentos interiores. Est\u00e1 disponible en una amplia gama de colores y en acabados mate y brillante. Una de las ventajas de utilizar Revat Cal Fino es que su presentaci\u00f3n es lista al uso. No necesitar\u00e1s calcular y mezclar materiales durante la ejecuci\u00f3n de obra. Como propiedades, <strong>destaca su acabado altamente est\u00e9tico<\/strong> y una textura fina, suave y sedosa, adem\u00e1s su aplicaci\u00f3n es de muy f\u00e1cil ejecuci\u00f3n.<\/p>\n<p><img decoding=\"async\" src=\"https:\/\/ferrolan.es\/blog\/wp-content\/uploads\/content\/im-revat-cal-fino-blanco.jpg\" alt=\"\" \/><\/p>\n<h2>Caracter\u00edsticas t\u00e9cnicas Revat Cal Fino<\/h2>\n<p>A continuaci\u00f3n te dejamos las principales caracter\u00edsticas t\u00e9cnicas de este mortero de cal. Su consumo aproximado de 0,3 kg\/m2 y se presenta en cajas que contienen cuatro\u00a0 bolsas de 3 kg cada una. Est\u00e1 disponible en nueve colores diferentes por lo que encaja en la mayor\u00eda de proyectos de revestimiento de fachadas. Puedes encontrar Revat Cal Fino en blanco, salm\u00f3n, verde, crema, gris rojo, beige, azul y piedra.<\/p>\n<p><img decoding=\"async\" src=\"https:\/\/ferrolan.es\/blog\/wp-content\/uploads\/content\/datos_tecnicos_propam_revat_cal_fino.png\" alt=\"revat cal fino\" \/><br \/>\nPuedes encontrarnos en<a style=\"text-decoration-line: none;\" href=\"https:\/\/ferrolan.es\/content\/27-nuestras-tiendas\" target=\"_blank\" rel=\"noopener\"> <strong>nuestras tiendas<\/strong><\/a> situadas en Sta. Coloma, Badalona, Barcelona y Rub\u00ed. Tambi\u00e9n puedes visitar la<a style=\"text-decoration-line: none;\" href=\"https:\/\/www.propamsa.es\/\" target=\"_blank\" rel=\"noopener nofollow\"> <strong>p\u00e1gina del fabricante<\/strong><\/a> para conocer m\u00e1s informaci\u00f3n.[\/vc_column_text][\/vc_column][\/vc_row]\n","protected":false},"excerpt":{"rendered":"<p><img decoding=\"async\" src=\"https:\/\/ferrolan.es\/blog\/wp-content\/uploads\/content\/im-revat-cal-fino-blanco.jpg\" loading=\"lazy\" alt=\"\">                                <\/p>\n<p style=\"text-align: justify;\">Revat Cal Fino es un mortero fino a base de cal a\u00e9rea, \u00e1ridos seleccionados, resinas sint\u00e9ticas y diferentes aditivos, que proporcionan un acabado altamente decorativo del edificio y todo tipo de fachadas y paramentos interiores. Como propiedades, <strong>destaca en tener un acabado altamente est\u00e9tico<\/strong> y una textura fina, suave y sedosa, adem\u00e1s es de aplicaci\u00f3n de muy f\u00e1cil ejecuci\u00f3n.<\/p>\n<p>                            <img decoding=\"async\" src=\"https:\/\/ferrolan.es\/blog\/wp-content\/uploads\/content\/datos_tecnicos_propam_revat_cal_fino.png\" loading=\"lazy\" alt=\"\">                                <\/p>\n<p style=\"text-align: justify;\">El consumo aproximado de Revat Cal Fino es de e 0,3 kg\/m2 y se presenta en cajas con 4 bolsas de 3 kg, en colores: blanco, salm\u00f3n, verde, crema, gris rojo, beige, azul y piedra.<\/p>\n<p style=\"text-align: justify;\">Puedes encontrarnos en<a href=\"http:\/\/www.ferrolan.es\/tiendas\" style=\"text-decoration-line: none;\" target=\"_blank\" rel=\"noopener\"> <strong>nuestras tiendas<\/strong><\/a> situadas en<a href=\"https:\/\/ferrolan.es\/blog\/botigues-2\/\" style=\"text-decoration-line: none;\"> Sta. Coloma, Badalona, Barcelona y Rub\u00ed.<\/a> Tambi\u00e9n puedes visitar la<a href=\"https:\/\/www.propamsa.es\/\" style=\"text-decoration-line: none;\" target=\"_blank\" rel=\"noopener\"> <strong>p\u00e1gina del fabricante<\/strong><\/a> para conocer m\u00e1s informaci\u00f3n.<\/p>\n","protected":false},"author":2,"featured_media":1273,"comment_status":"open","ping_status":"closed","sticky":false,"template":"","format":"standard","meta":{"footnotes":""},"categories":[1088,1],"tags":[],"class_list":{"0":"post-1272","1":"post","2":"type-post","3":"status-publish","4":"format-standard","5":"has-post-thumbnail","7":"category-noticias","8":"category-nuevos-productos"},"yoast_head":"<!-- This site is optimized with the Yoast SEO plugin v20.7 - https:\/\/yoast.com\/wordpress\/plugins\/seo\/ -->\n<title>Revat Cal Fino, Estuco fino de cal acabados mate o brillante - Ferrolan Blog<\/title>\n<meta name=\"robots\" content=\"index, follow, max-snippet:-1, max-image-preview:large, max-video-preview:-1\" \/>\n<link rel=\"canonical\" href=\"https:\/\/ferrolan.es\/blog\/revat-cal-fino-estuco-fino-de-cal-acabados-mate-o-brillante-n647\/\" \/>\n<meta property=\"og:locale\" content=\"es_ES\" \/>\n<meta property=\"og:type\" content=\"article\" \/>\n<meta property=\"og:title\" content=\"Revat Cal Fino, Estuco fino de cal acabados mate o brillante - Ferrolan Blog\" \/>\n<meta property=\"og:description\" content=\"Revat Cal Fino es un mortero fino a base de cal a\u00e9rea, \u00e1ridos seleccionados, resinas sint\u00e9ticas y diferentes aditivos, que proporcionan un acabado altamente decorativo del edificio y todo tipo de fachadas y paramentos interiores. Como propiedades, destaca en tener un acabado altamente est\u00e9tico y una textura fina, suave y sedosa, adem\u00e1s es de aplicaci\u00f3n de muy f\u00e1cil ejecuci\u00f3n.                                        El consumo aproximado de Revat Cal Fino es de e 0,3 kg\/m2 y se presenta en cajas con 4 bolsas de 3 kg, en colores: blanco, salm\u00f3n, verde, crema, gris rojo, beige, azul y piedra.Puedes encontrarnos en nuestras tiendas situadas en Sta. Coloma, Badalona, Barcelona y Rub\u00ed. Tambi\u00e9n puedes visitar la p\u00e1gina del fabricante para conocer m\u00e1s informaci\u00f3n.\" \/>\n<meta property=\"og:url\" content=\"https:\/\/ferrolan.es\/blog\/revat-cal-fino-estuco-fino-de-cal-acabados-mate-o-brillante-n647\/\" \/>\n<meta property=\"og:site_name\" content=\"Ferrolan Blog\" \/>\n<meta property=\"article:published_time\" content=\"2016-03-31T10:00:52+00:00\" \/>\n<meta property=\"article:modified_time\" content=\"2025-10-06T15:11:49+00:00\" \/>\n<meta property=\"og:image\" content=\"https:\/\/ferrolan.es\/blog\/wp-content\/uploads\/content\/im-revat-cal-fino-blanco.jpg\" \/>\n\t<meta property=\"og:image:width\" content=\"1600\" \/>\n\t<meta property=\"og:image:height\" content=\"1063\" \/>\n\t<meta property=\"og:image:type\" content=\"image\/jpeg\" \/>\n<meta name=\"author\" content=\"Ferrolan\" \/>\n<meta name=\"twitter:card\" content=\"summary_large_image\" \/>\n<meta name=\"twitter:label1\" content=\"Escrito por\" \/>\n\t<meta name=\"twitter:data1\" content=\"Ferrolan\" \/>\n\t<meta name=\"twitter:label2\" content=\"Tiempo de lectura\" \/>\n\t<meta name=\"twitter:data2\" content=\"2 minutos\" \/>\n<script type=\"application\/ld+json\" class=\"yoast-schema-graph\">{\"@context\":\"https:\/\/schema.org\",\"@graph\":[{\"@type\":\"WebPage\",\"@id\":\"https:\/\/ferrolan.es\/blog\/revat-cal-fino-estuco-fino-de-cal-acabados-mate-o-brillante-n647\/\",\"url\":\"https:\/\/ferrolan.es\/blog\/revat-cal-fino-estuco-fino-de-cal-acabados-mate-o-brillante-n647\/\",\"name\":\"Revat Cal Fino, Estuco fino de cal acabados mate o brillante - Ferrolan Blog\",\"isPartOf\":{\"@id\":\"https:\/\/ferrolan.es\/blog\/#website\"},\"datePublished\":\"2016-03-31T10:00:52+00:00\",\"dateModified\":\"2025-10-06T15:11:49+00:00\",\"author\":{\"@id\":\"https:\/\/ferrolan.es\/blog\/#\/schema\/person\/5f821ed7b37d03887255cc1869b7bd54\"},\"breadcrumb\":{\"@id\":\"https:\/\/ferrolan.es\/blog\/revat-cal-fino-estuco-fino-de-cal-acabados-mate-o-brillante-n647\/#breadcrumb\"},\"inLanguage\":\"es\",\"potentialAction\":[{\"@type\":\"ReadAction\",\"target\":[\"https:\/\/ferrolan.es\/blog\/revat-cal-fino-estuco-fino-de-cal-acabados-mate-o-brillante-n647\/\"]}]},{\"@type\":\"BreadcrumbList\",\"@id\":\"https:\/\/ferrolan.es\/blog\/revat-cal-fino-estuco-fino-de-cal-acabados-mate-o-brillante-n647\/#breadcrumb\",\"itemListElement\":[{\"@type\":\"ListItem\",\"position\":1,\"name\":\"Portada\",\"item\":\"https:\/\/ferrolan.es\/blog\/\"},{\"@type\":\"ListItem\",\"position\":2,\"name\":\"Revat Cal Fino, Estuco fino de cal acabados mate o brillante\"}]},{\"@type\":\"WebSite\",\"@id\":\"https:\/\/ferrolan.es\/blog\/#website\",\"url\":\"https:\/\/ferrolan.es\/blog\/\",\"name\":\"Ferrolan Blog\",\"description\":\"\",\"potentialAction\":[{\"@type\":\"SearchAction\",\"target\":{\"@type\":\"EntryPoint\",\"urlTemplate\":\"https:\/\/ferrolan.es\/blog\/?s={search_term_string}\"},\"query-input\":\"required name=search_term_string\"}],\"inLanguage\":\"es\"},{\"@type\":\"Person\",\"@id\":\"https:\/\/ferrolan.es\/blog\/#\/schema\/person\/5f821ed7b37d03887255cc1869b7bd54\",\"name\":\"Ferrolan\",\"image\":{\"@type\":\"ImageObject\",\"inLanguage\":\"es\",\"@id\":\"https:\/\/ferrolan.es\/blog\/#\/schema\/person\/image\/\",\"url\":\"https:\/\/secure.gravatar.com\/avatar\/b149d5904395425b1d5615ad2b7afdd232b37e43a107dfe2e261cf16e3f852bb?s=96&d=mm&r=g\",\"contentUrl\":\"https:\/\/secure.gravatar.com\/avatar\/b149d5904395425b1d5615ad2b7afdd232b37e43a107dfe2e261cf16e3f852bb?s=96&d=mm&r=g\",\"caption\":\"Ferrolan\"}}]}<\/script>\n<!-- \/ Yoast SEO plugin. -->","yoast_head_json":{"title":"Revat Cal Fino, Estuco fino de cal acabados mate o brillante - Ferrolan Blog","robots":{"index":"index","follow":"follow","max-snippet":"max-snippet:-1","max-image-preview":"max-image-preview:large","max-video-preview":"max-video-preview:-1"},"canonical":"https:\/\/ferrolan.es\/blog\/revat-cal-fino-estuco-fino-de-cal-acabados-mate-o-brillante-n647\/","og_locale":"es_ES","og_type":"article","og_title":"Revat Cal Fino, Estuco fino de cal acabados mate o brillante - Ferrolan Blog","og_description":"Revat Cal Fino es un mortero fino a base de cal a\u00e9rea, \u00e1ridos seleccionados, resinas sint\u00e9ticas y diferentes aditivos, que proporcionan un acabado altamente decorativo del edificio y todo tipo de fachadas y paramentos interiores. Como propiedades, destaca en tener un acabado altamente est\u00e9tico y una textura fina, suave y sedosa, adem\u00e1s es de aplicaci\u00f3n de muy f\u00e1cil ejecuci\u00f3n.                                        El consumo aproximado de Revat Cal Fino es de e 0,3 kg\/m2 y se presenta en cajas con 4 bolsas de 3 kg, en colores: blanco, salm\u00f3n, verde, crema, gris rojo, beige, azul y piedra.Puedes encontrarnos en nuestras tiendas situadas en Sta. Coloma, Badalona, Barcelona y Rub\u00ed. Tambi\u00e9n puedes visitar la p\u00e1gina del fabricante para conocer m\u00e1s informaci\u00f3n.","og_url":"https:\/\/ferrolan.es\/blog\/revat-cal-fino-estuco-fino-de-cal-acabados-mate-o-brillante-n647\/","og_site_name":"Ferrolan Blog","article_published_time":"2016-03-31T10:00:52+00:00","article_modified_time":"2025-10-06T15:11:49+00:00","og_image":[{"width":1600,"height":1063,"url":"https:\/\/ferrolan.es\/blog\/wp-content\/uploads\/content\/im-revat-cal-fino-blanco.jpg","type":"image\/jpeg"}],"author":"Ferrolan","twitter_card":"summary_large_image","twitter_misc":{"Escrito por":"Ferrolan","Tiempo de lectura":"2 minutos"},"schema":{"@context":"https:\/\/schema.org","@graph":[{"@type":"WebPage","@id":"https:\/\/ferrolan.es\/blog\/revat-cal-fino-estuco-fino-de-cal-acabados-mate-o-brillante-n647\/","url":"https:\/\/ferrolan.es\/blog\/revat-cal-fino-estuco-fino-de-cal-acabados-mate-o-brillante-n647\/","name":"Revat Cal Fino, Estuco fino de cal acabados mate o brillante - Ferrolan Blog","isPartOf":{"@id":"https:\/\/ferrolan.es\/blog\/#website"},"datePublished":"2016-03-31T10:00:52+00:00","dateModified":"2025-10-06T15:11:49+00:00","author":{"@id":"https:\/\/ferrolan.es\/blog\/#\/schema\/person\/5f821ed7b37d03887255cc1869b7bd54"},"breadcrumb":{"@id":"https:\/\/ferrolan.es\/blog\/revat-cal-fino-estuco-fino-de-cal-acabados-mate-o-brillante-n647\/#breadcrumb"},"inLanguage":"es","potentialAction":[{"@type":"ReadAction","target":["https:\/\/ferrolan.es\/blog\/revat-cal-fino-estuco-fino-de-cal-acabados-mate-o-brillante-n647\/"]}]},{"@type":"BreadcrumbList","@id":"https:\/\/ferrolan.es\/blog\/revat-cal-fino-estuco-fino-de-cal-acabados-mate-o-brillante-n647\/#breadcrumb","itemListElement":[{"@type":"ListItem","position":1,"name":"Portada","item":"https:\/\/ferrolan.es\/blog\/"},{"@type":"ListItem","position":2,"name":"Revat Cal Fino, Estuco fino de cal acabados mate o brillante"}]},{"@type":"WebSite","@id":"https:\/\/ferrolan.es\/blog\/#website","url":"https:\/\/ferrolan.es\/blog\/","name":"Ferrolan Blog","description":"","potentialAction":[{"@type":"SearchAction","target":{"@type":"EntryPoint","urlTemplate":"https:\/\/ferrolan.es\/blog\/?s={search_term_string}"},"query-input":"required name=search_term_string"}],"inLanguage":"es"},{"@type":"Person","@id":"https:\/\/ferrolan.es\/blog\/#\/schema\/person\/5f821ed7b37d03887255cc1869b7bd54","name":"Ferrolan","image":{"@type":"ImageObject","inLanguage":"es","@id":"https:\/\/ferrolan.es\/blog\/#\/schema\/person\/image\/","url":"https:\/\/secure.gravatar.com\/avatar\/b149d5904395425b1d5615ad2b7afdd232b37e43a107dfe2e261cf16e3f852bb?s=96&d=mm&r=g","contentUrl":"https:\/\/secure.gravatar.com\/avatar\/b149d5904395425b1d5615ad2b7afdd232b37e43a107dfe2e261cf16e3f852bb?s=96&d=mm&r=g","caption":"Ferrolan"}}]}},"_links":{"self":[{"href":"https:\/\/ferrolan.es\/blog\/wp-json\/wp\/v2\/posts\/1272","targetHints":{"allow":["GET"]}}],"collection":[{"href":"https:\/\/ferrolan.es\/blog\/wp-json\/wp\/v2\/posts"}],"about":[{"href":"https:\/\/ferrolan.es\/blog\/wp-json\/wp\/v2\/types\/post"}],"author":[{"embeddable":true,"href":"https:\/\/ferrolan.es\/blog\/wp-json\/wp\/v2\/users\/2"}],"replies":[{"embeddable":true,"href":"https:\/\/ferrolan.es\/blog\/wp-json\/wp\/v2\/comments?post=1272"}],"version-history":[{"count":4,"href":"https:\/\/ferrolan.es\/blog\/wp-json\/wp\/v2\/posts\/1272\/revisions"}],"predecessor-version":[{"id":11511,"href":"https:\/\/ferrolan.es\/blog\/wp-json\/wp\/v2\/posts\/1272\/revisions\/11511"}],"wp:featuredmedia":[{"embeddable":true,"href":"https:\/\/ferrolan.es\/blog\/wp-json\/wp\/v2\/media\/1273"}],"wp:attachment":[{"href":"https:\/\/ferrolan.es\/blog\/wp-json\/wp\/v2\/media?parent=1272"}],"wp:term":[{"taxonomy":"category","embeddable":true,"href":"https:\/\/ferrolan.es\/blog\/wp-json\/wp\/v2\/categories?post=1272"},{"taxonomy":"post_tag","embeddable":true,"href":"https:\/\/ferrolan.es\/blog\/wp-json\/wp\/v2\/tags?post=1272"}],"curies":[{"name":"wp","href":"https:\/\/api.w.org\/{rel}","templated":true}]}}