{"id":1387,"date":"2021-08-09T15:20:52","date_gmt":"2021-08-09T13:20:52","guid":{"rendered":"https:\/\/ferrolan.es\/blog\/?p=1387"},"modified":"2025-10-06T16:07:49","modified_gmt":"2025-10-06T14:07:49","slug":"elige-la-barbacoa-que-mejor-se-adapte-a-ti-n723","status":"publish","type":"post","link":"https:\/\/ferrolan.es\/blog\/elige-la-barbacoa-que-mejor-se-adapte-a-ti-n723\/","title":{"rendered":"4 barbacoas para tu jard\u00edn o terraza"},"content":{"rendered":"[vc_row type=\u00bbin_container\u00bb full_screen_row_position=\u00bbmiddle\u00bb column_margin=\u00bbdefault\u00bb column_direction=\u00bbdefault\u00bb column_direction_tablet=\u00bbdefault\u00bb column_direction_phone=\u00bbdefault\u00bb scene_position=\u00bbcenter\u00bb text_color=\u00bbdark\u00bb text_align=\u00bbleft\u00bb row_border_radius=\u00bbnone\u00bb row_border_radius_applies=\u00bbbg\u00bb overflow=\u00bbvisible\u00bb overlay_strength=\u00bb0.3&#8243; gradient_direction=\u00bbleft_to_right\u00bb shape_divider_position=\u00bbbottom\u00bb bg_image_animation=\u00bbnone\u00bb][vc_column column_padding=\u00bbno-extra-padding\u00bb column_padding_tablet=\u00bbinherit\u00bb column_padding_phone=\u00bbinherit\u00bb column_padding_position=\u00bball\u00bb column_element_spacing=\u00bbdefault\u00bb background_color_opacity=\u00bb1&#8243; background_hover_color_opacity=\u00bb1&#8243; column_shadow=\u00bbnone\u00bb column_border_radius=\u00bbnone\u00bb column_link_target=\u00bb_self\u00bb column_position=\u00bbdefault\u00bb gradient_direction=\u00bbleft_to_right\u00bb overlay_strength=\u00bb0.3&#8243; width=\u00bb1\/1&#8243; tablet_width_inherit=\u00bbdefault\u00bb tablet_text_alignment=\u00bbdefault\u00bb phone_text_alignment=\u00bbdefault\u00bb animation_type=\u00bbdefault\u00bb bg_image_animation=\u00bbnone\u00bb border_type=\u00bbsimple\u00bb column_border_width=\u00bbnone\u00bb column_border_style=\u00bbsolid\u00bb][vc_column_text]Cuando llega el buen tiempo nos apetece pasar m\u00e1s rato al aire libre. Disfrutar del sol, de la brisa veraniega y, sobre todo, de la buena compa\u00f1\u00eda. Reuniones familiares, con amigos o con compa\u00f1eros, <strong>cualquier excusa es buena para sentarte a comer una deliciosa carne a la brasa.<\/strong> Dedicar momentos para estar con los que m\u00e1s quieres, y m\u00e1s despu\u00e9s de la situaci\u00f3n que hemos vivido, y las ganas que tenemos de reunirnos con los nuestros&#8230; \u00bfQu\u00e9 mejor manera de celebrarlo que haciendo una barbacoa?<\/p>\n<p>\u00a1Ya sea un jard\u00edn o una terraza lo que tengas, aqu\u00ed<strong> te mostramos una selecci\u00f3n de barbacoas<\/strong> para cada espacio y necesidad!<\/p>\n<h2>Barbacoa Nazar\u00e9: Ideal para espacio peque\u00f1os<\/h2>\n<p>Si no dispones de mucho espacio en el exterior de tu hogar, la barbacoa Nazar\u00e9 es la m\u00e1s acertada para ti. <strong>De reducidas dimensiones pero de altas prestaciones<\/strong>. Puedes colocarla en cualquier lugar de tu jard\u00edn o terraza. En acabado gris e interior de ladrillo visto, esta barbacoa har\u00e1 lucir tu jard\u00edn espectacular.<\/p>\n<h3>Caracter\u00edsticas:<\/h3>\n<ul>\n<li>Fabricadas de manera tradicional<\/li>\n<li>De hormig\u00f3n gris liso<\/li>\n<li role=\"presentation\">Textura suave<\/li>\n<li role=\"presentation\">Interior en ladrillo refractario<\/li>\n<li role=\"presentation\">Apto para le\u00f1a y carb\u00f3n<\/li>\n<li>Dimensiones: 68x47x190 cm<\/li>\n<li role=\"presentation\">Se entrega el kit desmontado en un palet<\/li>\n<\/ul>\n<p><img decoding=\"async\" src=\"https:\/\/ferrolan.es\/blog\/wp-content\/uploads\/content\/Nazare_sola_1.png\" alt=\"\" \/><\/p>\n<h2>Barbacoa \u00d3bidos: Espacio y comodidad<\/h2>\n<p><strong>Barbacoa de medidas intermedias con amplitud de espacio.<\/strong> Est\u00e1 dise\u00f1ada para cocinar a tus anchas, con estanter\u00edas inferiores y laterales para poder tenerlo todo a tu alcance. Platos preparados, utensilios cerca, y todo lo que necesites lo podr\u00e1s utilizar y guardar en un mismo lugar.<\/p>\n<h3 style=\"text-align: left;\">Caracter\u00edsticas:<\/h3>\n<ul>\n<li>Fabricadas de manera tradicional<\/li>\n<li>De hormig\u00f3n gris liso<\/li>\n<li role=\"presentation\">Textura suave<\/li>\n<li role=\"presentation\">Interior en ladrillo refractario<\/li>\n<li role=\"presentation\">Apto para le\u00f1a y carb\u00f3n<\/li>\n<li>Dimensiones: 145x47x209 cm<\/li>\n<li role=\"presentation\">Se entrega el kit desmontado en un palet<\/li>\n<\/ul>\n<p><img decoding=\"async\" src=\"https:\/\/ferrolan.es\/blog\/wp-content\/uploads\/content\/Obidos_sola_(2).png\" alt=\"\" \/><\/p>\n<h2>Barbacoa Oeiras: Doble repisa en espacio reducido<\/h2>\n<p><b>Si lo que necesitas es una barbacoa que ocupe poco espacio, <\/b>pero que sea pr\u00e1ctica, la mejor opci\u00f3n es la barbacoa Oeiras. Con dos repisas laterales para dejar los cubiertos o platos, es ideal para ahorrar en espacio y a la vez, tener la comodidad que necesitas.<\/p>\n<h3>Caracter\u00edsticas:<\/h3>\n<ul>\n<li>Fabricadas de manera tradicional<\/li>\n<li>De hormig\u00f3n gris liso<\/li>\n<li role=\"presentation\">Textura suave<\/li>\n<li role=\"presentation\">Interior en ladrillo refractario<\/li>\n<li role=\"presentation\">Apto para le\u00f1a y carb\u00f3n<\/li>\n<li>Dimensiones: 111x58x223 cm<\/li>\n<li role=\"presentation\">Se entrega el kit desmontado en un palet<\/li>\n<\/ul>\n<p><img decoding=\"async\" src=\"https:\/\/ferrolan.es\/blog\/wp-content\/uploads\/content\/Oeiras_sola.png\" alt=\"\" \/><\/p>\n<h2>Barbacoa Viana: Barbacoa grande, comida para muchos<\/h2>\n<p>Es la barbacoa m\u00e1s amplia de la gama. Con una boca notablemente superior al resto, tiene capacidad para una paellera. <strong>Perfecta para espacios amplios y muchos comensales.<\/strong> Al ser de tales dimensiones, podemos preparar comidas en recipientes mucho m\u00e1s grandes y para m\u00e1s personas. Si dispones de espacio y ganas de cocinar, esta es tu barbacoa.<\/p>\n<h3>Caracter\u00edsticas:<\/h3>\n<ul>\n<li>Fabricadas de manera tradicional<\/li>\n<li>De hormig\u00f3n gris liso<\/li>\n<li role=\"presentation\">Textura suave<\/li>\n<li role=\"presentation\">Interior en ladrillo refractario<\/li>\n<li role=\"presentation\">Apto para le\u00f1a y carb\u00f3n<\/li>\n<li>Dimensiones: 117&#215;73,5&#215;254 cm<\/li>\n<li role=\"presentation\">Se entrega el kit desmontado en un palet<\/li>\n<\/ul>\n<p><img decoding=\"async\" src=\"https:\/\/ferrolan.es\/blog\/wp-content\/uploads\/content\/Viana_sola.png\" alt=\"\" \/><\/p>\n<p>&nbsp;<\/p>\n<p>Hacer una barbacoa es mucho m\u00e1s que comer. Es conversar, re\u00edr y disfrutar de la compa\u00f1\u00eda que te rodea. Si buscas la tuya, puedes encontrarnos en <a href=\"https:\/\/ferrolan.es\/content\/27-nuestras-tiendas\"><strong>nuestras tiendas<\/strong><\/a> situadas en Sta. Coloma, Badalona, Barcelona y Rub\u00ed. Tambi\u00e9n puedes visitar la <a href=\"https:\/\/leiricimentos.com\"  target=\"_blank\" rel=\"nofollow noopener noreferrer\">><strong>p\u00e1gina del fabricante<\/strong><\/a> para conocer m\u00e1s informaci\u00f3n.[\/vc_column_text][\/vc_column][\/vc_row]\n","protected":false},"excerpt":{"rendered":"<p><img decoding=\"async\" src=\"\/img\/cms\/Fotos%2520blog%2520Cristina\/Barbacoas\/Jardin.png\" loading=\"lazy\" alt=\"\"><br \/>\n                            <img decoding=\"async\" src=\"https:\/\/ferrolan.es\/blog\/wp-content\/uploads\/content\/friends-1283173_960_720.jpg\" loading=\"lazy\" alt=\"\">                                <\/p>\n<p dir=\"ltr\" style=\"line-height: 1.38; margin-top: 0pt; margin-bottom: 0pt; text-align: justify;\">Cuando llega el buen tiempo nos apetece pasar m\u00e1s rato al aire libre. Disfrutar del sol, de la brisa veraniega y, sobre todo, de la buena compa\u00f1\u00eda. Reuniones familiares, con amigos o con compa\u00f1eros, <strong>cualquier excusa es buena para sentarte a comer una deliciosa carne a la brasa.<\/strong> Dedicar momentos para estar con los que m\u00e1s quieres, y m\u00e1s despu\u00e9s de la situaci\u00f3n que hemos vivido, y las ganas que tenemos de reunirnos con los nuestros&#8230; \u00bfQu\u00e9 mejor manera de celebrarlo que haciendo una barbacoa?<\/p>\n<p dir=\"ltr\" style=\"line-height: 1.38; margin-top: 0pt; margin-bottom: 0pt; text-align: justify;\">\n<p dir=\"ltr\" style=\"line-height: 2.127272727272727; margin-top: 0pt; margin-bottom: 9pt; text-align: justify;\">\n<p dir=\"ltr\" style=\"line-height: 1.38; margin-top: 0pt; margin-bottom: 0pt; text-align: justify;\">\n<p style=\"text-align: justify;\">\u00a1Ya sea un jard\u00edn o una terraza lo que tengas, aqu\u00ed<strong> te mostramos una selecci\u00f3n de barbacoas<\/strong> para cada espacio y necesidad!<\/p>\n<p style=\"text-align: left;\">Barbacoa Nazar\u00e9: Ideal para espacio peque\u00f1os<\/p>\n<p>                            <img decoding=\"async\" src=\"https:\/\/ferrolan.es\/blog\/wp-content\/uploads\/content\/Nazare_sola_1.png\" loading=\"lazy\" alt=\"\">                                <\/p>\n<p style=\"text-align: justify;\">Si no dispones de mucho espacio en el exterior de tu hogar, la barbacoa Nazar\u00e9 es la m\u00e1s acertada para ti. <strong>De reducidas dimensiones pero de altas prestaciones<\/strong>. Puedes colocarla en cualquier lugar de tu jard\u00edn o terraza. En acabado gris e interior de ladrillo visto, esta barbacoa har\u00e1 lucir tu jard\u00edn espectacular.<\/p>\n<\/p>\n<p style=\"text-align: left;\">Caracter\u00edsticas:<\/p>\n<\/p>\n<ul style=\"margin-top: 0; margin-bottom: 0; padding-inline-start: 48px;\">\n<li dir=\"ltr\" style=\"list-style-type: disc; font-size: 11.5pt; font-family: Montserrat,sans-serif; color: #000000; background-color: transparent; font-weight: 400; font-style: normal; font-variant: normal; text-decoration: none; vertical-align: baseline; white-space: pre;\" aria-level=\"1\">Fabricadas de manera tradicional<\/li>\n<li dir=\"ltr\" style=\"list-style-type: disc; font-size: 11.5pt; font-family: Montserrat,sans-serif; color: #000000; background-color: transparent; font-weight: 400; font-style: normal; font-variant: normal; text-decoration: none; vertical-align: baseline; white-space: pre;\" aria-level=\"1\">De hormig\u00f3n gris liso<\/li>\n<li dir=\"ltr\" style=\"list-style-type: disc; font-size: 11.5pt; font-family: Montserrat,sans-serif; color: #000000; background-color: transparent; font-weight: 400; font-style: normal; font-variant: normal; text-decoration: none; vertical-align: baseline; white-space: pre;\" aria-level=\"1\">\n<p dir=\"ltr\" style=\"line-height: 1.38; margin-top: 0pt; margin-bottom: 0pt;\" role=\"presentation\">Textura suave<\/p>\n<\/li>\n<li dir=\"ltr\" style=\"list-style-type: disc; font-size: 11.5pt; font-family: Montserrat,sans-serif; color: #000000; background-color: transparent; font-weight: 400; font-style: normal; font-variant: normal; text-decoration: none; vertical-align: baseline; white-space: pre;\" aria-level=\"1\">\n<p dir=\"ltr\" style=\"line-height: 1.38; margin-top: 0pt; margin-bottom: 0pt;\" role=\"presentation\">Interior en ladrillo refractario<\/p>\n<\/li>\n<li dir=\"ltr\" style=\"list-style-type: disc; font-size: 11.5pt; font-family: Montserrat,sans-serif; color: #000000; background-color: transparent; font-weight: 400; font-style: normal; font-variant: normal; text-decoration: none; vertical-align: baseline; white-space: pre;\" aria-level=\"1\">\n<p dir=\"ltr\" style=\"line-height: 1.38; margin-top: 0pt; margin-bottom: 0pt;\" role=\"presentation\">Apto para le\u00f1a y carb\u00f3n<\/p>\n<\/li>\n<li dir=\"ltr\" style=\"list-style-type: disc; font-size: 11.5pt; font-family: Montserrat,sans-serif; color: #000000; background-color: transparent; font-weight: 400; font-style: normal; font-variant: normal; text-decoration: none; vertical-align: baseline; white-space: pre;\" aria-level=\"1\">Dimensiones: 68x47x190 cm<\/li>\n<li dir=\"ltr\" style=\"list-style-type: disc; font-size: 11.5pt; font-family: Montserrat,sans-serif; color: #000000; background-color: transparent; font-weight: 400; font-style: normal; font-variant: normal; text-decoration: none; vertical-align: baseline; white-space: pre;\" aria-level=\"1\">\n<p dir=\"ltr\" style=\"line-height: 1.38; margin-top: 0pt; margin-bottom: 8pt;\" role=\"presentation\">Se entrega el kit desmontado en un palet<\/p>\n<\/li>\n<\/ul>\n<p style=\"text-align: left;\">Barbacoa \u00d3bidos: Espacio y comodidad<\/p>\n<p>                            <img decoding=\"async\" src=\"https:\/\/ferrolan.es\/blog\/wp-content\/uploads\/content\/Obidos_sola_(2).png\" loading=\"lazy\" alt=\"\">                                <\/p>\n<p><strong>Barbacoa de medidas intermedias con amplitud de espacio.<\/strong> Est\u00e1 dise\u00f1ada para cocinar a tus anchas, con estanter\u00edas inferiores y laterales para poder tenerlo todo a tu alcance. Platos preparados, utensilios cerca, y todo lo que necesites lo podr\u00e1s utilizar y guardar en un mismo lugar.<\/p>\n<p style=\"text-align: left;\">Caracter\u00edsticas:<\/p>\n<\/p>\n<ul style=\"margin-top: 0; margin-bottom: 0; padding-inline-start: 48px;\">\n<li dir=\"ltr\" style=\"list-style-type: disc; font-size: 11.5pt; font-family: Montserrat,sans-serif; color: #000000; background-color: transparent; font-weight: 400; font-style: normal; font-variant: normal; text-decoration: none; vertical-align: baseline; white-space: pre;\" aria-level=\"1\">Fabricadas de manera tradicional<\/li>\n<li dir=\"ltr\" style=\"list-style-type: disc; font-size: 11.5pt; font-family: Montserrat,sans-serif; color: #000000; background-color: transparent; font-weight: 400; font-style: normal; font-variant: normal; text-decoration: none; vertical-align: baseline; white-space: pre;\" aria-level=\"1\">De hormig\u00f3n gris liso<\/li>\n<li dir=\"ltr\" style=\"list-style-type: disc; font-size: 11.5pt; font-family: Montserrat,sans-serif; color: #000000; background-color: transparent; font-weight: 400; font-style: normal; font-variant: normal; text-decoration: none; vertical-align: baseline; white-space: pre;\" aria-level=\"1\">\n<p dir=\"ltr\" style=\"line-height: 1.38; margin-top: 0pt; margin-bottom: 0pt;\" role=\"presentation\">Textura suave<\/p>\n<\/li>\n<li dir=\"ltr\" style=\"list-style-type: disc; font-size: 11.5pt; font-family: Montserrat,sans-serif; color: #000000; background-color: transparent; font-weight: 400; font-style: normal; font-variant: normal; text-decoration: none; vertical-align: baseline; white-space: pre;\" aria-level=\"1\">\n<p dir=\"ltr\" style=\"line-height: 1.38; margin-top: 0pt; margin-bottom: 0pt;\" role=\"presentation\">Interior en ladrillo refractario<\/p>\n<\/li>\n<li dir=\"ltr\" style=\"list-style-type: disc; font-size: 11.5pt; font-family: Montserrat,sans-serif; color: #000000; background-color: transparent; font-weight: 400; font-style: normal; font-variant: normal; text-decoration: none; vertical-align: baseline; white-space: pre;\" aria-level=\"1\">\n<p dir=\"ltr\" style=\"line-height: 1.38; margin-top: 0pt; margin-bottom: 0pt;\" role=\"presentation\">Apto para le\u00f1a y carb\u00f3n<\/p>\n<\/li>\n<li dir=\"ltr\" style=\"list-style-type: disc; font-size: 11.5pt; font-family: Montserrat,sans-serif; color: #000000; background-color: transparent; font-weight: 400; font-style: normal; font-variant: normal; text-decoration: none; vertical-align: baseline; white-space: pre;\" aria-level=\"1\">Dimensiones: 145x47x209 cm<\/li>\n<li dir=\"ltr\" style=\"list-style-type: disc; font-size: 11.5pt; font-family: Montserrat,sans-serif; color: #000000; background-color: transparent; font-weight: 400; font-style: normal; font-variant: normal; text-decoration: none; vertical-align: baseline; white-space: pre;\" aria-level=\"1\">\n<p dir=\"ltr\" style=\"line-height: 1.38; margin-top: 0pt; margin-bottom: 8pt;\" role=\"presentation\">Se entrega el kit desmontado en un palet<\/p>\n<\/li>\n<\/ul>\n<p style=\"text-align: left;\">Barbacoa Oeiras: Doble repisa en espacio reducido<\/p>\n<p>                            <img decoding=\"async\" src=\"https:\/\/ferrolan.es\/blog\/wp-content\/uploads\/content\/Oeiras_sola.png\" loading=\"lazy\" alt=\"\">                                <\/p>\n<p style=\"text-align: justify;\"><b>Si lo que necesitas es una barbacoa que ocupe poco espacio, <\/b>pero que sea pr\u00e1ctica, la mejor opci\u00f3n es la barbacoa Oeiras. Con dos repisas laterales para dejar los cubiertos o platos, es ideal para ahorrar en espacio y a la vez, tener la comodidad que necesitas.<\/p>\n<p style=\"text-align: left;\">Caracter\u00edsticas:<\/p>\n<\/p>\n<ul style=\"margin-top: 0; margin-bottom: 0; padding-inline-start: 48px;\">\n<li dir=\"ltr\" style=\"list-style-type: disc; font-size: 11.5pt; font-family: Montserrat,sans-serif; color: #000000; background-color: transparent; font-weight: 400; font-style: normal; font-variant: normal; text-decoration: none; vertical-align: baseline; white-space: pre;\" aria-level=\"1\">Fabricadas de manera tradicional<\/li>\n<li dir=\"ltr\" style=\"list-style-type: disc; font-size: 11.5pt; font-family: Montserrat,sans-serif; color: #000000; background-color: transparent; font-weight: 400; font-style: normal; font-variant: normal; text-decoration: none; vertical-align: baseline; white-space: pre;\" aria-level=\"1\">De hormig\u00f3n gris liso<\/li>\n<li dir=\"ltr\" style=\"list-style-type: disc; font-size: 11.5pt; font-family: Montserrat,sans-serif; color: #000000; background-color: transparent; font-weight: 400; font-style: normal; font-variant: normal; text-decoration: none; vertical-align: baseline; white-space: pre;\" aria-level=\"1\">\n<p dir=\"ltr\" style=\"line-height: 1.38; margin-top: 0pt; margin-bottom: 0pt;\" role=\"presentation\">Textura suave<\/p>\n<\/li>\n<li dir=\"ltr\" style=\"list-style-type: disc; font-size: 11.5pt; font-family: Montserrat,sans-serif; color: #000000; background-color: transparent; font-weight: 400; font-style: normal; font-variant: normal; text-decoration: none; vertical-align: baseline; white-space: pre;\" aria-level=\"1\">\n<p dir=\"ltr\" style=\"line-height: 1.38; margin-top: 0pt; margin-bottom: 0pt;\" role=\"presentation\">Interior en ladrillo refractario<\/p>\n<\/li>\n<li dir=\"ltr\" style=\"list-style-type: disc; font-size: 11.5pt; font-family: Montserrat,sans-serif; color: #000000; background-color: transparent; font-weight: 400; font-style: normal; font-variant: normal; text-decoration: none; vertical-align: baseline; white-space: pre;\" aria-level=\"1\">\n<p dir=\"ltr\" style=\"line-height: 1.38; margin-top: 0pt; margin-bottom: 0pt;\" role=\"presentation\">Apto para le\u00f1a y carb\u00f3n<\/p>\n<\/li>\n<li dir=\"ltr\" style=\"list-style-type: disc; font-size: 11.5pt; font-family: Montserrat,sans-serif; color: #000000; background-color: transparent; font-weight: 400; font-style: normal; font-variant: normal; text-decoration: none; vertical-align: baseline; white-space: pre;\" aria-level=\"1\">Dimensiones: 111x58x223 cm<\/li>\n<li dir=\"ltr\" style=\"list-style-type: disc; font-size: 11.5pt; font-family: Montserrat,sans-serif; color: #000000; background-color: transparent; font-weight: 400; font-style: normal; font-variant: normal; text-decoration: none; vertical-align: baseline; white-space: pre;\" aria-level=\"1\">\n<p dir=\"ltr\" style=\"line-height: 1.38; margin-top: 0pt; margin-bottom: 8pt;\" role=\"presentation\">Se entrega el kit desmontado en un palet<\/p>\n<\/li>\n<\/ul>\n<p style=\"text-align: left;\">Barbacoa Viana: Barbacoa grande, comida para muchos<\/p>\n<p>                            <img decoding=\"async\" src=\"https:\/\/ferrolan.es\/blog\/wp-content\/uploads\/content\/Viana_sola.png\" loading=\"lazy\" alt=\"\">                                <\/p>\n<p style=\"text-align: justify;\">Es la barbacoa m\u00e1s amplia de la gama. Con una boca notablemente superior al resto, tiene capacidad para una paellera. <strong>Perfecta para espacios amplios y muchos comensales.<\/strong> Al ser de tales dimensiones, podemos preparar comidas en recipientes mucho m\u00e1s grandes y para m\u00e1s personas. Si dispones de espacio y ganas de cocinar, esta es tu barbacoa.<\/p>\n<p style=\"text-align: left;\">Caracter\u00edsticas:<\/p>\n<\/p>\n<ul style=\"margin-top: 0; margin-bottom: 0; padding-inline-start: 48px;\">\n<li dir=\"ltr\" style=\"list-style-type: disc; font-size: 11.5pt; font-family: Montserrat,sans-serif; color: #000000; background-color: transparent; font-weight: 400; font-style: normal; font-variant: normal; text-decoration: none; vertical-align: baseline; white-space: pre;\" aria-level=\"1\">Fabricadas de manera tradicional<\/li>\n<li dir=\"ltr\" style=\"list-style-type: disc; font-size: 11.5pt; font-family: Montserrat,sans-serif; color: #000000; background-color: transparent; font-weight: 400; font-style: normal; font-variant: normal; text-decoration: none; vertical-align: baseline; white-space: pre;\" aria-level=\"1\">De hormig\u00f3n gris liso<\/li>\n<li dir=\"ltr\" style=\"list-style-type: disc; font-size: 11.5pt; font-family: Montserrat,sans-serif; color: #000000; background-color: transparent; font-weight: 400; font-style: normal; font-variant: normal; text-decoration: none; vertical-align: baseline; white-space: pre;\" aria-level=\"1\">\n<p dir=\"ltr\" style=\"line-height: 1.38; margin-top: 0pt; margin-bottom: 0pt;\" role=\"presentation\">Textura suave<\/p>\n<\/li>\n<li dir=\"ltr\" style=\"list-style-type: disc; font-size: 11.5pt; font-family: Montserrat,sans-serif; color: #000000; background-color: transparent; font-weight: 400; font-style: normal; font-variant: normal; text-decoration: none; vertical-align: baseline; white-space: pre;\" aria-level=\"1\">\n<p dir=\"ltr\" style=\"line-height: 1.38; margin-top: 0pt; margin-bottom: 0pt;\" role=\"presentation\">Interior en ladrillo refractario<\/p>\n<\/li>\n<li dir=\"ltr\" style=\"list-style-type: disc; font-size: 11.5pt; font-family: Montserrat,sans-serif; color: #000000; background-color: transparent; font-weight: 400; font-style: normal; font-variant: normal; text-decoration: none; vertical-align: baseline; white-space: pre;\" aria-level=\"1\">\n<p dir=\"ltr\" style=\"line-height: 1.38; margin-top: 0pt; margin-bottom: 0pt;\" role=\"presentation\">Apto para le\u00f1a y carb\u00f3n<\/p>\n<\/li>\n<li dir=\"ltr\" style=\"list-style-type: disc; font-size: 11.5pt; font-family: Montserrat,sans-serif; color: #000000; background-color: transparent; font-weight: 400; font-style: normal; font-variant: normal; text-decoration: none; vertical-align: baseline; white-space: pre;\" aria-level=\"1\">Dimensiones: 117&#215;73,5&#215;254 cm<\/li>\n<li dir=\"ltr\" style=\"list-style-type: disc; font-size: 11.5pt; font-family: Montserrat,sans-serif; color: #000000; background-color: transparent; font-weight: 400; font-style: normal; font-variant: normal; text-decoration: none; vertical-align: baseline; white-space: pre;\" aria-level=\"1\">\n<p dir=\"ltr\" style=\"line-height: 1.38; margin-top: 0pt; margin-bottom: 8pt;\" role=\"presentation\">Se entrega el kit desmontado en un palet<\/p>\n<\/li>\n<\/ul>\n<p style=\"text-align: center;\">Accesorios adicionales<\/p>\n<figure><img decoding=\"async\" src=\"https:\/\/ferrolan.es\/blog\/wp-content\/uploads\/content\/Accesorios_Nazare.png\" loading=\"auto\" alt=\"\"><\/figure>\n<figure><img decoding=\"async\" src=\"https:\/\/ferrolan.es\/blog\/wp-content\/uploads\/content\/Accesorios_Obidos.png\" loading=\"auto\" alt=\"\"><\/figure>\n<figure><img decoding=\"async\" src=\"https:\/\/ferrolan.es\/blog\/wp-content\/uploads\/content\/Accesorios_Oeiras.png\" loading=\"auto\" alt=\"\"><\/figure>\n<figure><img decoding=\"async\" src=\"https:\/\/ferrolan.es\/blog\/wp-content\/uploads\/content\/Accesorios_Viana.png\" loading=\"auto\" alt=\"\"><\/figure>\n<p><strong>Nazare<\/strong>: Parrilla de 50&#215;35; Caj\u00f3n de 48x35x12; <strong>\u00d3bidos<\/strong>: Parrilla de 60&#215;35; Caj\u00f3n de 58x34x32; <strong>Oeiras<\/strong>: Parrilla de 60&#215;35; Caj\u00f3n de 58x34x32; <strong>Viana<\/strong>: Parrilla de 89&#215;50; Caj\u00f3n de 86x50x32<\/p>\n<p>Hacer una barbacoa es mucho m\u00e1s que comer. Es conversar, re\u00edr y disfrutar de la compa\u00f1\u00eda que te rodea. Si buscas la tuya, puedes encontrarnos en <a href=\"http:\/\/www.ferrolan.es\/tiendas\" target=\"_blank\" rel=\"noopener\"><strong>nuestras tiendas <\/strong><\/a>situadas en <a href=\"https:\/\/ferrolan.es\/blog\/botigues-2\/\" style=\"text-decoration-line: none;\">Sta. Coloma, Badalona, Barcelona y Rub\u00ed.<\/a> Tambi\u00e9n puedes visitar la <strong><a href=\"https:\/\/leiricimentos.com\/\" target=\"_blank\" rel=\"noopener\">p\u00e1gina del fabricante<\/a><\/strong> para conocer m\u00e1s informaci\u00f3n.<\/p>\n","protected":false},"author":2,"featured_media":2199,"comment_status":"open","ping_status":"closed","sticky":false,"template":"","format":"standard","meta":{"footnotes":""},"categories":[1087,1086],"tags":[],"class_list":{"0":"post-1387","1":"post","2":"type-post","3":"status-publish","4":"format-standard","5":"has-post-thumbnail","7":"category-jardineria","8":"category-inspiracion-e-ideas"},"yoast_head":"<!-- This site is optimized with the Yoast SEO plugin v20.7 - https:\/\/yoast.com\/wordpress\/plugins\/seo\/ -->\n<title>4 barbacoas para tu jard\u00edn o terraza - Ferrolan Blog<\/title>\n<meta name=\"robots\" content=\"index, follow, max-snippet:-1, max-image-preview:large, max-video-preview:-1\" \/>\n<link rel=\"canonical\" href=\"https:\/\/ferrolan.es\/blog\/elige-la-barbacoa-que-mejor-se-adapte-a-ti-n723\/\" \/>\n<meta property=\"og:locale\" content=\"es_ES\" \/>\n<meta property=\"og:type\" content=\"article\" \/>\n<meta property=\"og:title\" content=\"4 barbacoas para tu jard\u00edn o terraza - Ferrolan Blog\" \/>\n<meta property=\"og:description\" content=\"Cuando llega el buen tiempo nos apetece pasar m\u00e1s rato al aire libre. Disfrutar del sol, de la brisa veraniega y, sobre todo, de la buena compa\u00f1\u00eda. Reuniones familiares, con amigos o con compa\u00f1eros, cualquier excusa es buena para sentarte a comer una deliciosa carne a la brasa. Dedicar momentos para estar con los que m\u00e1s quieres, y m\u00e1s despu\u00e9s de la situaci\u00f3n que hemos vivido, y las ganas que tenemos de reunirnos con los nuestros... \u00bfQu\u00e9 mejor manera de celebrarlo que haciendo una barbacoa?\u00a1Ya sea un jard\u00edn o una terraza lo que tengas, aqu\u00ed te mostramos una selecci\u00f3n de barbacoas para cada espacio y necesidad!         Barbacoa Nazar\u00e9: Ideal para espacio peque\u00f1os                                        Si no dispones de mucho espacio en el exterior de tu hogar, la barbacoa Nazar\u00e9 es la m\u00e1s acertada para ti. De reducidas dimensiones pero de altas prestaciones. Puedes colocarla en cualquier lugar de tu jard\u00edn o terraza. En acabado gris e interior de ladrillo visto, esta barbacoa har\u00e1 lucir tu jard\u00edn espectacular.Caracter\u00edsticas:Fabricadas de manera tradicionalDe hormig\u00f3n gris lisoTextura suaveInterior en ladrillo refractarioApto para le\u00f1a y carb\u00f3nDimensiones: 68x47x190 cmSe entrega el kit desmontado en un palet         Barbacoa \u00d3bidos: Espacio y comodidad                                        Barbacoa de medidas intermedias con amplitud de espacio. Est\u00e1 dise\u00f1ada para cocinar a tus anchas, con estanter\u00edas inferiores y laterales para poder tenerlo todo a tu alcance. Platos preparados, utensilios cerca, y todo lo que necesites lo podr\u00e1s utilizar y guardar en un mismo lugar.Caracter\u00edsticas:Fabricadas de manera tradicionalDe hormig\u00f3n gris lisoTextura suaveInterior en ladrillo refractarioApto para le\u00f1a y carb\u00f3nDimensiones: 145x47x209 cmSe entrega el kit desmontado en un palet         Barbacoa Oeiras: Doble repisa en espacio reducido                                        Si lo que necesitas es una barbacoa que ocupe poco espacio, pero que sea pr\u00e1ctica, la mejor opci\u00f3n es la barbacoa Oeiras. Con dos repisas laterales para dejar los cubiertos o platos, es ideal para ahorrar en espacio y a la vez, tener la comodidad que necesitas.Caracter\u00edsticas:Fabricadas de manera tradicionalDe hormig\u00f3n gris lisoTextura suaveInterior en ladrillo refractarioApto para le\u00f1a y carb\u00f3nDimensiones: 111x58x223 cmSe entrega el kit desmontado en un palet         Barbacoa Viana: Barbacoa grande, comida para muchos                                        Es la barbacoa m\u00e1s amplia de la gama. Con una boca notablemente superior al resto, tiene capacidad para una paellera. Perfecta para espacios amplios y muchos comensales. Al ser de tales dimensiones, podemos preparar comidas en recipientes mucho m\u00e1s grandes y para m\u00e1s personas. Si dispones de espacio y ganas de cocinar, esta es tu barbacoa.Caracter\u00edsticas:Fabricadas de manera tradicionalDe hormig\u00f3n gris lisoTextura suaveInterior en ladrillo refractarioApto para le\u00f1a y carb\u00f3nDimensiones: 117x73,5x254 cmSe entrega el kit desmontado en un palet         Accesorios adicionales                                                                                     Nazare: Parrilla de 50x35; Caj\u00f3n de 48x35x12; \u00d3bidos: Parrilla de 60x35; Caj\u00f3n de 58x34x32; Oeiras: Parrilla de 60x35; Caj\u00f3n de 58x34x32; Viana: Parrilla de 89x50; Caj\u00f3n de 86x50x32Hacer una barbacoa es mucho m\u00e1s que comer. Es conversar, re\u00edr y disfrutar de la compa\u00f1\u00eda que te rodea. Si buscas la tuya, puedes encontrarnos en nuestras tiendas situadas en Sta. Coloma, Badalona, Barcelona y Rub\u00ed. Tambi\u00e9n puedes visitar la p\u00e1gina del fabricante para conocer m\u00e1s informaci\u00f3n.\" \/>\n<meta property=\"og:url\" content=\"https:\/\/ferrolan.es\/blog\/elige-la-barbacoa-que-mejor-se-adapte-a-ti-n723\/\" \/>\n<meta property=\"og:site_name\" content=\"Ferrolan Blog\" \/>\n<meta property=\"article:published_time\" content=\"2021-08-09T13:20:52+00:00\" \/>\n<meta property=\"article:modified_time\" content=\"2025-10-06T14:07:49+00:00\" \/>\n<meta property=\"og:image\" content=\"https:\/\/ferrolan.es\/blog\/wp-content\/uploads\/2021\/08\/friends-1283173_960_720.jpg\" \/>\n\t<meta property=\"og:image:width\" content=\"960\" \/>\n\t<meta property=\"og:image:height\" content=\"640\" \/>\n\t<meta property=\"og:image:type\" content=\"image\/jpeg\" \/>\n<meta name=\"author\" content=\"Ferrolan\" \/>\n<meta name=\"twitter:card\" content=\"summary_large_image\" \/>\n<meta name=\"twitter:label1\" content=\"Escrito por\" \/>\n\t<meta name=\"twitter:data1\" content=\"Ferrolan\" \/>\n\t<meta name=\"twitter:label2\" content=\"Tiempo de lectura\" \/>\n\t<meta name=\"twitter:data2\" content=\"4 minutos\" \/>\n<script type=\"application\/ld+json\" class=\"yoast-schema-graph\">{\"@context\":\"https:\/\/schema.org\",\"@graph\":[{\"@type\":\"WebPage\",\"@id\":\"https:\/\/ferrolan.es\/blog\/elige-la-barbacoa-que-mejor-se-adapte-a-ti-n723\/\",\"url\":\"https:\/\/ferrolan.es\/blog\/elige-la-barbacoa-que-mejor-se-adapte-a-ti-n723\/\",\"name\":\"4 barbacoas para tu jard\u00edn o terraza - Ferrolan Blog\",\"isPartOf\":{\"@id\":\"https:\/\/ferrolan.es\/blog\/#website\"},\"datePublished\":\"2021-08-09T13:20:52+00:00\",\"dateModified\":\"2025-10-06T14:07:49+00:00\",\"author\":{\"@id\":\"https:\/\/ferrolan.es\/blog\/#\/schema\/person\/5f821ed7b37d03887255cc1869b7bd54\"},\"breadcrumb\":{\"@id\":\"https:\/\/ferrolan.es\/blog\/elige-la-barbacoa-que-mejor-se-adapte-a-ti-n723\/#breadcrumb\"},\"inLanguage\":\"es\",\"potentialAction\":[{\"@type\":\"ReadAction\",\"target\":[\"https:\/\/ferrolan.es\/blog\/elige-la-barbacoa-que-mejor-se-adapte-a-ti-n723\/\"]}]},{\"@type\":\"BreadcrumbList\",\"@id\":\"https:\/\/ferrolan.es\/blog\/elige-la-barbacoa-que-mejor-se-adapte-a-ti-n723\/#breadcrumb\",\"itemListElement\":[{\"@type\":\"ListItem\",\"position\":1,\"name\":\"Portada\",\"item\":\"https:\/\/ferrolan.es\/blog\/\"},{\"@type\":\"ListItem\",\"position\":2,\"name\":\"4 barbacoas para tu jard\u00edn o terraza\"}]},{\"@type\":\"WebSite\",\"@id\":\"https:\/\/ferrolan.es\/blog\/#website\",\"url\":\"https:\/\/ferrolan.es\/blog\/\",\"name\":\"Ferrolan Blog\",\"description\":\"\",\"potentialAction\":[{\"@type\":\"SearchAction\",\"target\":{\"@type\":\"EntryPoint\",\"urlTemplate\":\"https:\/\/ferrolan.es\/blog\/?s={search_term_string}\"},\"query-input\":\"required name=search_term_string\"}],\"inLanguage\":\"es\"},{\"@type\":\"Person\",\"@id\":\"https:\/\/ferrolan.es\/blog\/#\/schema\/person\/5f821ed7b37d03887255cc1869b7bd54\",\"name\":\"Ferrolan\",\"image\":{\"@type\":\"ImageObject\",\"inLanguage\":\"es\",\"@id\":\"https:\/\/ferrolan.es\/blog\/#\/schema\/person\/image\/\",\"url\":\"https:\/\/secure.gravatar.com\/avatar\/b149d5904395425b1d5615ad2b7afdd232b37e43a107dfe2e261cf16e3f852bb?s=96&d=mm&r=g\",\"contentUrl\":\"https:\/\/secure.gravatar.com\/avatar\/b149d5904395425b1d5615ad2b7afdd232b37e43a107dfe2e261cf16e3f852bb?s=96&d=mm&r=g\",\"caption\":\"Ferrolan\"}}]}<\/script>\n<!-- \/ Yoast SEO plugin. -->","yoast_head_json":{"title":"4 barbacoas para tu jard\u00edn o terraza - Ferrolan Blog","robots":{"index":"index","follow":"follow","max-snippet":"max-snippet:-1","max-image-preview":"max-image-preview:large","max-video-preview":"max-video-preview:-1"},"canonical":"https:\/\/ferrolan.es\/blog\/elige-la-barbacoa-que-mejor-se-adapte-a-ti-n723\/","og_locale":"es_ES","og_type":"article","og_title":"4 barbacoas para tu jard\u00edn o terraza - Ferrolan Blog","og_description":"Cuando llega el buen tiempo nos apetece pasar m\u00e1s rato al aire libre. Disfrutar del sol, de la brisa veraniega y, sobre todo, de la buena compa\u00f1\u00eda. Reuniones familiares, con amigos o con compa\u00f1eros, cualquier excusa es buena para sentarte a comer una deliciosa carne a la brasa. Dedicar momentos para estar con los que m\u00e1s quieres, y m\u00e1s despu\u00e9s de la situaci\u00f3n que hemos vivido, y las ganas que tenemos de reunirnos con los nuestros... \u00bfQu\u00e9 mejor manera de celebrarlo que haciendo una barbacoa?\u00a1Ya sea un jard\u00edn o una terraza lo que tengas, aqu\u00ed te mostramos una selecci\u00f3n de barbacoas para cada espacio y necesidad!         Barbacoa Nazar\u00e9: Ideal para espacio peque\u00f1os                                        Si no dispones de mucho espacio en el exterior de tu hogar, la barbacoa Nazar\u00e9 es la m\u00e1s acertada para ti. De reducidas dimensiones pero de altas prestaciones. Puedes colocarla en cualquier lugar de tu jard\u00edn o terraza. En acabado gris e interior de ladrillo visto, esta barbacoa har\u00e1 lucir tu jard\u00edn espectacular.Caracter\u00edsticas:Fabricadas de manera tradicionalDe hormig\u00f3n gris lisoTextura suaveInterior en ladrillo refractarioApto para le\u00f1a y carb\u00f3nDimensiones: 68x47x190 cmSe entrega el kit desmontado en un palet         Barbacoa \u00d3bidos: Espacio y comodidad                                        Barbacoa de medidas intermedias con amplitud de espacio. Est\u00e1 dise\u00f1ada para cocinar a tus anchas, con estanter\u00edas inferiores y laterales para poder tenerlo todo a tu alcance. Platos preparados, utensilios cerca, y todo lo que necesites lo podr\u00e1s utilizar y guardar en un mismo lugar.Caracter\u00edsticas:Fabricadas de manera tradicionalDe hormig\u00f3n gris lisoTextura suaveInterior en ladrillo refractarioApto para le\u00f1a y carb\u00f3nDimensiones: 145x47x209 cmSe entrega el kit desmontado en un palet         Barbacoa Oeiras: Doble repisa en espacio reducido                                        Si lo que necesitas es una barbacoa que ocupe poco espacio, pero que sea pr\u00e1ctica, la mejor opci\u00f3n es la barbacoa Oeiras. Con dos repisas laterales para dejar los cubiertos o platos, es ideal para ahorrar en espacio y a la vez, tener la comodidad que necesitas.Caracter\u00edsticas:Fabricadas de manera tradicionalDe hormig\u00f3n gris lisoTextura suaveInterior en ladrillo refractarioApto para le\u00f1a y carb\u00f3nDimensiones: 111x58x223 cmSe entrega el kit desmontado en un palet         Barbacoa Viana: Barbacoa grande, comida para muchos                                        Es la barbacoa m\u00e1s amplia de la gama. Con una boca notablemente superior al resto, tiene capacidad para una paellera. Perfecta para espacios amplios y muchos comensales. Al ser de tales dimensiones, podemos preparar comidas en recipientes mucho m\u00e1s grandes y para m\u00e1s personas. Si dispones de espacio y ganas de cocinar, esta es tu barbacoa.Caracter\u00edsticas:Fabricadas de manera tradicionalDe hormig\u00f3n gris lisoTextura suaveInterior en ladrillo refractarioApto para le\u00f1a y carb\u00f3nDimensiones: 117x73,5x254 cmSe entrega el kit desmontado en un palet         Accesorios adicionales                                                                                     Nazare: Parrilla de 50x35; Caj\u00f3n de 48x35x12; \u00d3bidos: Parrilla de 60x35; Caj\u00f3n de 58x34x32; Oeiras: Parrilla de 60x35; Caj\u00f3n de 58x34x32; Viana: Parrilla de 89x50; Caj\u00f3n de 86x50x32Hacer una barbacoa es mucho m\u00e1s que comer. Es conversar, re\u00edr y disfrutar de la compa\u00f1\u00eda que te rodea. Si buscas la tuya, puedes encontrarnos en nuestras tiendas situadas en Sta. Coloma, Badalona, Barcelona y Rub\u00ed. Tambi\u00e9n puedes visitar la p\u00e1gina del fabricante para conocer m\u00e1s informaci\u00f3n.","og_url":"https:\/\/ferrolan.es\/blog\/elige-la-barbacoa-que-mejor-se-adapte-a-ti-n723\/","og_site_name":"Ferrolan Blog","article_published_time":"2021-08-09T13:20:52+00:00","article_modified_time":"2025-10-06T14:07:49+00:00","og_image":[{"width":960,"height":640,"url":"https:\/\/ferrolan.es\/blog\/wp-content\/uploads\/2021\/08\/friends-1283173_960_720.jpg","type":"image\/jpeg"}],"author":"Ferrolan","twitter_card":"summary_large_image","twitter_misc":{"Escrito por":"Ferrolan","Tiempo de lectura":"4 minutos"},"schema":{"@context":"https:\/\/schema.org","@graph":[{"@type":"WebPage","@id":"https:\/\/ferrolan.es\/blog\/elige-la-barbacoa-que-mejor-se-adapte-a-ti-n723\/","url":"https:\/\/ferrolan.es\/blog\/elige-la-barbacoa-que-mejor-se-adapte-a-ti-n723\/","name":"4 barbacoas para tu jard\u00edn o terraza - Ferrolan Blog","isPartOf":{"@id":"https:\/\/ferrolan.es\/blog\/#website"},"datePublished":"2021-08-09T13:20:52+00:00","dateModified":"2025-10-06T14:07:49+00:00","author":{"@id":"https:\/\/ferrolan.es\/blog\/#\/schema\/person\/5f821ed7b37d03887255cc1869b7bd54"},"breadcrumb":{"@id":"https:\/\/ferrolan.es\/blog\/elige-la-barbacoa-que-mejor-se-adapte-a-ti-n723\/#breadcrumb"},"inLanguage":"es","potentialAction":[{"@type":"ReadAction","target":["https:\/\/ferrolan.es\/blog\/elige-la-barbacoa-que-mejor-se-adapte-a-ti-n723\/"]}]},{"@type":"BreadcrumbList","@id":"https:\/\/ferrolan.es\/blog\/elige-la-barbacoa-que-mejor-se-adapte-a-ti-n723\/#breadcrumb","itemListElement":[{"@type":"ListItem","position":1,"name":"Portada","item":"https:\/\/ferrolan.es\/blog\/"},{"@type":"ListItem","position":2,"name":"4 barbacoas para tu jard\u00edn o terraza"}]},{"@type":"WebSite","@id":"https:\/\/ferrolan.es\/blog\/#website","url":"https:\/\/ferrolan.es\/blog\/","name":"Ferrolan Blog","description":"","potentialAction":[{"@type":"SearchAction","target":{"@type":"EntryPoint","urlTemplate":"https:\/\/ferrolan.es\/blog\/?s={search_term_string}"},"query-input":"required name=search_term_string"}],"inLanguage":"es"},{"@type":"Person","@id":"https:\/\/ferrolan.es\/blog\/#\/schema\/person\/5f821ed7b37d03887255cc1869b7bd54","name":"Ferrolan","image":{"@type":"ImageObject","inLanguage":"es","@id":"https:\/\/ferrolan.es\/blog\/#\/schema\/person\/image\/","url":"https:\/\/secure.gravatar.com\/avatar\/b149d5904395425b1d5615ad2b7afdd232b37e43a107dfe2e261cf16e3f852bb?s=96&d=mm&r=g","contentUrl":"https:\/\/secure.gravatar.com\/avatar\/b149d5904395425b1d5615ad2b7afdd232b37e43a107dfe2e261cf16e3f852bb?s=96&d=mm&r=g","caption":"Ferrolan"}}]}},"_links":{"self":[{"href":"https:\/\/ferrolan.es\/blog\/wp-json\/wp\/v2\/posts\/1387","targetHints":{"allow":["GET"]}}],"collection":[{"href":"https:\/\/ferrolan.es\/blog\/wp-json\/wp\/v2\/posts"}],"about":[{"href":"https:\/\/ferrolan.es\/blog\/wp-json\/wp\/v2\/types\/post"}],"author":[{"embeddable":true,"href":"https:\/\/ferrolan.es\/blog\/wp-json\/wp\/v2\/users\/2"}],"replies":[{"embeddable":true,"href":"https:\/\/ferrolan.es\/blog\/wp-json\/wp\/v2\/comments?post=1387"}],"version-history":[{"count":9,"href":"https:\/\/ferrolan.es\/blog\/wp-json\/wp\/v2\/posts\/1387\/revisions"}],"predecessor-version":[{"id":11484,"href":"https:\/\/ferrolan.es\/blog\/wp-json\/wp\/v2\/posts\/1387\/revisions\/11484"}],"wp:featuredmedia":[{"embeddable":true,"href":"https:\/\/ferrolan.es\/blog\/wp-json\/wp\/v2\/media\/2199"}],"wp:attachment":[{"href":"https:\/\/ferrolan.es\/blog\/wp-json\/wp\/v2\/media?parent=1387"}],"wp:term":[{"taxonomy":"category","embeddable":true,"href":"https:\/\/ferrolan.es\/blog\/wp-json\/wp\/v2\/categories?post=1387"},{"taxonomy":"post_tag","embeddable":true,"href":"https:\/\/ferrolan.es\/blog\/wp-json\/wp\/v2\/tags?post=1387"}],"curies":[{"name":"wp","href":"https:\/\/api.w.org\/{rel}","templated":true}]}}