{"id":452,"date":"2014-02-20T15:44:03","date_gmt":"2014-02-20T14:44:03","guid":{"rendered":"https:\/\/ferrolan.es\/blog\/?p=452"},"modified":"2022-09-28T18:50:36","modified_gmt":"2022-09-28T16:50:36","slug":"calibel-la-solucion-en-aislamientos-termicos-y-acusticos-2-n16","status":"publish","type":"post","link":"https:\/\/ferrolan.es\/blog\/calibel-la-solucion-en-aislamientos-termicos-y-acusticos-2-n16\/","title":{"rendered":"Calibel, la soluci\u00f3n en aislamientos t\u00e9rmicos y ac\u00fasticos"},"content":{"rendered":"[vc_row type=\u00bbin_container\u00bb full_screen_row_position=\u00bbmiddle\u00bb column_margin=\u00bbdefault\u00bb column_direction=\u00bbdefault\u00bb column_direction_tablet=\u00bbdefault\u00bb column_direction_phone=\u00bbdefault\u00bb scene_position=\u00bbcenter\u00bb text_color=\u00bbdark\u00bb text_align=\u00bbleft\u00bb row_border_radius=\u00bbnone\u00bb row_border_radius_applies=\u00bbbg\u00bb overflow=\u00bbvisible\u00bb overlay_strength=\u00bb0.3&#8243; gradient_direction=\u00bbleft_to_right\u00bb shape_divider_position=\u00bbbottom\u00bb bg_image_animation=\u00bbnone\u00bb][vc_column column_padding=\u00bbno-extra-padding\u00bb column_padding_tablet=\u00bbinherit\u00bb column_padding_phone=\u00bbinherit\u00bb column_padding_position=\u00bball\u00bb column_element_spacing=\u00bbdefault\u00bb background_color_opacity=\u00bb1&#8243; background_hover_color_opacity=\u00bb1&#8243; column_shadow=\u00bbnone\u00bb column_border_radius=\u00bbnone\u00bb column_link_target=\u00bb_self\u00bb column_position=\u00bbdefault\u00bb gradient_direction=\u00bbleft_to_right\u00bb overlay_strength=\u00bb0.3&#8243; width=\u00bb1\/1&#8243; tablet_width_inherit=\u00bbdefault\u00bb tablet_text_alignment=\u00bbdefault\u00bb phone_text_alignment=\u00bbdefault\u00bb animation_type=\u00bbdefault\u00bb bg_image_animation=\u00bbnone\u00bb border_type=\u00bbsimple\u00bb column_border_width=\u00bbnone\u00bb column_border_style=\u00bbsolid\u00bb][vc_column_text]Otro a\u00f1o m\u00e1s el fr\u00edo hace aparici\u00f3n y su llegada te recuerda que \u00bfdeber\u00edas mejorar el aislamiento en tu hogar?<\/p>\n<p>Desde Ferrolan te vamos a proponer una soluci\u00f3n sencilla y econ\u00f3mica, sin apenas obra, para aumentar el confort de tu hogar.<\/p>\n<h2>Razones por las que merece la pena aislar tu vivienda con Placa Calibel<\/h2>\n<p>&nbsp;<\/p>\n<ul>\n<li>Con un buen aislamiento ser\u00e1 m\u00e1s sencillo mantener la temperatura id\u00f3nea en tu casa, pues la p\u00e9rdida cal\u00f3rica ser\u00e1 menor y esto lo ver\u00e1s reflejado en el recibo de la calefacci\u00f3n.<\/li>\n<li>Mejorar\u00e1n los problemas de humedades por condensaci\u00f3n. Esta humedad se puede eliminar en un 95% con el tratamiento correcto, impidiendo as\u00ed la formaci\u00f3n de las molestas manchas de moho que se forman tan nocivas para todos en general, pero en especial para los peque\u00f1os de la casa, ya que pueden provocar problemas respiratorios. Si no tienes claro si tu humedad es por condensaci\u00f3n o por otra causa te proponemos una sencilla prueba, limpia esa mancha con un trapo impregnado en agua y lej\u00eda o amoniaco, y si la mancha se va y la pintura permanece intacta lo m\u00e1s probable es que se trate de condensaci\u00f3n.<\/li>\n<li>P\u00e9rdida m\u00ednima de espacio, con este sistema \u00fanicamente perderemos de 4 a 8 cm seg\u00fan el montaje que m\u00e1s nos convenga.<\/li>\n<li>Lo podemos pegar\u00a0 directamente a la pared con torniller\u00eda o a trav\u00e9s de unos perfiles omega,\u00a0 a m\u00e1s de aislar t\u00e9rmicamente tambi\u00e9n estaremos aislando ac\u00fasticamente, se puede aplicar en obra nueva as\u00ed como en rehabilitaci\u00f3n.<\/li>\n<li>La placa Calibel est\u00e1 compuesta por lana de vidrio de alta densidad y una placa de pladur, formando un panel r\u00edgido entre s\u00ed.<\/li>\n<\/ul>\n<p><img decoding=\"async\" src=\"https:\/\/ferrolan.es\/blog\/wp-content\/uploads\/content\/Calibel-1.jpg\" alt=\"\" \/><\/p>\n<h2>Propiedades t\u00e9cnicas<\/h2>\n<ul>\n<li>Conductividad t\u00e9rmica: 0.034 W\/m<\/li>\n<li>Calor espec\u00edfico aproximado: 800 J\/Kg<\/li>\n<li>Reacci\u00f3n al fuego:Euroclase A2-s1, d0<\/li>\n<li>No hidr\u00f3filo<\/li>\n<\/ul>\n<h2>Ventajas Placa Calibel<\/h2>\n<ul>\n<li>Aislamiento t\u00e9rmico y ac\u00fastico de paramentos verticales (muros, tabiques) mediante trasdosado directo (pellada)<\/li>\n<li>Aplicaci\u00f3n en obra nueva y rehabilitaci\u00f3n<\/li>\n<li>No es medio adecuado para el desarrollo de microorganismos<\/li>\n<li>No hidr\u00f3filo<\/li>\n<li>No necesita mantenimiento<\/li>\n<li>Promueve el ahorro y la eficiencia energ\u00e9tica<\/li>\n<\/ul>\n<p>Puedes encontrar Calibel en <strong><a href=\"https:\/\/ferrolan.es\/content\/27-nuestras-tiendas\" target=\"_blank\" rel=\"noopener\">nuestras <\/a><\/strong><strong><a href=\"http:\/\/www.ferrolan.es\/tiendas\" target=\"_blank\" rel=\"noopener\">tiendas<\/a><\/strong>.[\/vc_column_text][\/vc_column][\/vc_row]\n","protected":false},"excerpt":{"rendered":"<p><img decoding=\"async\" src=\"https:\/\/ferrolan.es\/blog\/wp-content\/uploads\/content\/Calibel-1.jpg\" loading=\"lazy\" alt=\"\">                                <\/p>\n<p dir=\"ltr\" style=\"line-height: 2.04; background-color: #ffffff; margin-top: 0pt; margin-bottom: 0pt; padding: 0pt 0pt 18pt 0pt;\">Otro a\u00f1o m\u00e1s el fr\u00edo hace aparici\u00f3n y su llegada te recuerda que \u00bfdeber\u00edas mejorar el aislamiento en tu hogar?<\/p>\n<p>Desde Ferrolan te vamos a proponer una soluci\u00f3n sencilla y econ\u00f3mica, sin apenas obra, para aumentar el confort de tu hogar.<\/p>\n<p dir=\"ltr\" style=\"line-height: 1.68; background-color: #ffffff; margin-top: 18pt; margin-bottom: 0pt; padding: 0pt 0pt 5pt; text-align: justify;\">Razones por las que merece la pena aislar tu vivienda con Placa Calibel<\/p>\n<p dir=\"ltr\" style=\"line-height: 2.04; background-color: #ffffff; margin-top: 0pt; margin-bottom: 0pt; padding: 0pt 0pt 18pt 0pt;\">\u2013 Con un buen aislamiento nos ser\u00e1 m\u00e1s sencillo mantener la temperatura id\u00f3nea en nuestra casa, pues la p\u00e9rdida cal\u00f3rica ser\u00e1 menor y esto lo veremos reflejado en el recibo de la calefacci\u00f3n.<\/p>\n<p dir=\"ltr\" style=\"line-height: 2.04; background-color: #ffffff; margin-top: 0pt; margin-bottom: 0pt; padding: 0pt 0pt 18pt 0pt;\">\u2013 Mejoraremos problemas de humedades por condensaci\u00f3n, esta humedad se puede eliminar en un 95% con el tratamiento correcto, impidiendo as\u00ed la formaci\u00f3n de esas molestas manchas de moho que se forman tan nocivas para todos en general pero en especial para los peque\u00f1os de la casa ya que pueden provocar problemas respiratorios. Si no tienes claro si tu humedad es por condensaci\u00f3n o por otra causa te proponemos una sencilla prueba, limpia esa mancha con un trapo impregnado en agua y lej\u00eda o amoniaco, si la mancha se va y la pintura permanece intacta lo m\u00e1s probable es que se trate de condensaci\u00f3n.<\/p>\n<p dir=\"ltr\" style=\"line-height: 2.04; background-color: #ffffff; margin-top: 0pt; margin-bottom: 0pt; padding: 0pt 0pt 18pt 0pt;\">-P\u00e9rdida m\u00ednima de espacio, con este sistema \u00fanicamente perderemos de 4 a 8 cm seg\u00fan el montaje que m\u00e1s nos convenga.<\/p>\n<p dir=\"ltr\" style=\"line-height: 2.04; background-color: #ffffff; margin-top: 0pt; margin-bottom: 0pt; padding: 0pt 0pt 18pt 0pt;\">\u2013 Lo podemos pegar\u00a0 directamente a la pared con torniller\u00eda o a trav\u00e9s de unos perfiles omega,\u00a0 a m\u00e1s de aislar t\u00e9rmicamente tambi\u00e9n estaremos aislando ac\u00fasticamente, se puede aplicar en obra nueva as\u00ed como en rehabilitaci\u00f3n.<\/p>\n<\/p>\n<p dir=\"ltr\" style=\"line-height: 2.04; background-color: #ffffff; margin-top: 0pt; margin-bottom: 18pt;\">La placa Calibel est\u00e1 compuesta por lana de vidrio de alta densidad y una placa de pladur, formando un panel r\u00edgido entre s\u00ed.<\/p>\n<p>                            <img decoding=\"async\" src=\"https:\/\/ferrolan.es\/blog\/wp-content\/uploads\/content\/Calibel-2.jpg\" loading=\"lazy\" alt=\"\">                                <\/p>\n<p dir=\"ltr\" style=\"line-height: 1.68; background-color: #ffffff; margin-top: 18pt; margin-bottom: 5pt;\">Ventajas<\/p>\n<ul style=\"margin-top: 0; margin-bottom: 0; padding-inline-start: 48px;\">\n<li dir=\"ltr\" style=\"list-style-type: disc; font-size: 13.5pt; font-family: Arial; color: #444444; background-color: transparent; font-weight: 400; font-style: normal; font-variant: normal; text-decoration: none; vertical-align: baseline; white-space: pre; margin-left: 18pt;\" aria-level=\"1\">\n<p dir=\"ltr\" style=\"line-height: 2.04; background-color: #ffffff; margin-top: 0pt; margin-bottom: 0pt;\" role=\"presentation\">Imputrescible e inodoro<\/p>\n<\/li>\n<li dir=\"ltr\" style=\"list-style-type: disc; font-size: 13.5pt; font-family: Arial; color: #444444; background-color: transparent; font-weight: 400; font-style: normal; font-variant: normal; text-decoration: none; vertical-align: baseline; white-space: pre; margin-left: 18pt;\" aria-level=\"1\">\n<p dir=\"ltr\" style=\"line-height: 2.04; background-color: #ffffff; margin-top: 0pt; margin-bottom: 0pt;\" role=\"presentation\">No es medio adecuado para el desarrollo de microorganismos<\/p>\n<\/li>\n<li dir=\"ltr\" style=\"list-style-type: disc; font-size: 13.5pt; font-family: Arial; color: #444444; background-color: transparent; font-weight: 400; font-style: normal; font-variant: normal; text-decoration: none; vertical-align: baseline; white-space: pre; margin-left: 18pt;\" aria-level=\"1\">\n<p dir=\"ltr\" style=\"line-height: 2.04; background-color: #ffffff; margin-top: 0pt; margin-bottom: 0pt;\" role=\"presentation\">No hidr\u00f3filo<\/p>\n<\/li>\n<li dir=\"ltr\" style=\"list-style-type: disc; font-size: 13.5pt; font-family: Arial; color: #444444; background-color: transparent; font-weight: 400; font-style: normal; font-variant: normal; text-decoration: none; vertical-align: baseline; white-space: pre; margin-left: 18pt;\" aria-level=\"1\">\n<p dir=\"ltr\" style=\"line-height: 2.04; background-color: #ffffff; margin-top: 0pt; margin-bottom: 0pt;\" role=\"presentation\">No necesita mantenimiento<\/p>\n<\/li>\n<li dir=\"ltr\" style=\"list-style-type: disc; font-size: 13.5pt; font-family: Arial; color: #444444; background-color: transparent; font-weight: 400; font-style: normal; font-variant: normal; text-decoration: none; vertical-align: baseline; white-space: pre; margin-left: 18pt;\" aria-level=\"1\">\n<p dir=\"ltr\" style=\"line-height: 2.04; background-color: #ffffff; margin-top: 0pt; margin-bottom: 32pt;\" role=\"presentation\">Promueve el ahorro y la eficiencia energ\u00e9tica<\/p>\n<\/li>\n<\/ul>\n<p>Puedes encontrar Calibel en <strong><a href=\"http:\/\/www.ferrolan.es\/tiendas\" target=\"_blank\" rel=\"noopener\">nuestras <\/a><\/strong><strong><a href=\"http:\/\/www.ferrolan.es\/tiendas\" target=\"_blank\" rel=\"noopener\">tiendas<\/a><\/strong>.<\/p>\n","protected":false},"author":2,"featured_media":453,"comment_status":"open","ping_status":"closed","sticky":false,"template":"","format":"standard","meta":{"footnotes":""},"categories":[1089,1092],"tags":[],"class_list":{"0":"post-452","1":"post","2":"type-post","3":"status-publish","4":"format-standard","5":"has-post-thumbnail","7":"category-aprende-con-nosotros","8":"category-sistemas-constructivos"},"yoast_head":"<!-- This site is optimized with the Yoast SEO plugin v20.7 - https:\/\/yoast.com\/wordpress\/plugins\/seo\/ -->\n<title>Calibel, la soluci\u00f3n en aislamientos t\u00e9rmicos y ac\u00fasticos - Ferrolan Blog<\/title>\n<meta name=\"robots\" content=\"index, follow, max-snippet:-1, max-image-preview:large, max-video-preview:-1\" \/>\n<link rel=\"canonical\" href=\"https:\/\/ferrolan.es\/blog\/calibel-la-solucion-en-aislamientos-termicos-y-acusticos-2-n16\/\" \/>\n<meta property=\"og:locale\" content=\"es_ES\" \/>\n<meta property=\"og:type\" content=\"article\" \/>\n<meta property=\"og:title\" content=\"Calibel, la soluci\u00f3n en aislamientos t\u00e9rmicos y ac\u00fasticos - Ferrolan Blog\" \/>\n<meta property=\"og:description\" content=\"Otro a\u00f1o m\u00e1s el fr\u00edo hace aparici\u00f3n y su llegada te recuerda que \u00bfdeber\u00edas mejorar el aislamiento en tu hogar?Desde Ferrolan te vamos a proponer una soluci\u00f3n sencilla y econ\u00f3mica, sin apenas obra, para aumentar el confort de tu hogar.Razones por las que merece la pena aislar tu vivienda con Placa Calibel\u2013 Con un buen aislamiento nos ser\u00e1 m\u00e1s sencillo mantener la temperatura id\u00f3nea en nuestra casa, pues la p\u00e9rdida cal\u00f3rica ser\u00e1 menor y esto lo veremos reflejado en el recibo de la calefacci\u00f3n.\u2013 Mejoraremos problemas de humedades por condensaci\u00f3n, esta humedad se puede eliminar en un 95% con el tratamiento correcto, impidiendo as\u00ed la formaci\u00f3n de esas molestas manchas de moho que se forman tan nocivas para todos en general pero en especial para los peque\u00f1os de la casa ya que pueden provocar problemas respiratorios. Si no tienes claro si tu humedad es por condensaci\u00f3n o por otra causa te proponemos una sencilla prueba, limpia esa mancha con un trapo impregnado en agua y lej\u00eda o amoniaco, si la mancha se va y la pintura permanece intacta lo m\u00e1s probable es que se trate de condensaci\u00f3n.-P\u00e9rdida m\u00ednima de espacio, con este sistema \u00fanicamente perderemos de 4 a 8 cm seg\u00fan el montaje que m\u00e1s nos convenga.\u2013 Lo podemos pegar\u00a0 directamente a la pared con torniller\u00eda o a trav\u00e9s de unos perfiles omega,\u00a0 a m\u00e1s de aislar t\u00e9rmicamente tambi\u00e9n estaremos aislando ac\u00fasticamente, se puede aplicar en obra nueva as\u00ed como en rehabilitaci\u00f3n.La placa Calibel est\u00e1 compuesta por lana de vidrio de alta densidad y una placa de pladur, formando un panel r\u00edgido entre s\u00ed.                                       VentajasImputrescible e inodoroNo es medio adecuado para el desarrollo de microorganismosNo hidr\u00f3filoNo necesita mantenimientoPromueve el ahorro y la eficiencia energ\u00e9ticaPuedes encontrar Calibel en nuestras tiendas.\" \/>\n<meta property=\"og:url\" content=\"https:\/\/ferrolan.es\/blog\/calibel-la-solucion-en-aislamientos-termicos-y-acusticos-2-n16\/\" \/>\n<meta property=\"og:site_name\" content=\"Ferrolan Blog\" \/>\n<meta property=\"article:published_time\" content=\"2014-02-20T14:44:03+00:00\" \/>\n<meta property=\"article:modified_time\" content=\"2022-09-28T16:50:36+00:00\" \/>\n<meta property=\"og:image\" content=\"https:\/\/ferrolan.es\/blog\/wp-content\/uploads\/content\/Calibel-1.jpg\" \/>\n\t<meta property=\"og:image:width\" content=\"545\" \/>\n\t<meta property=\"og:image:height\" content=\"610\" \/>\n\t<meta property=\"og:image:type\" content=\"image\/jpeg\" \/>\n<meta name=\"author\" content=\"Ferrolan\" \/>\n<meta name=\"twitter:card\" content=\"summary_large_image\" \/>\n<meta name=\"twitter:label1\" content=\"Escrito por\" \/>\n\t<meta name=\"twitter:data1\" content=\"Ferrolan\" \/>\n\t<meta name=\"twitter:label2\" content=\"Tiempo de lectura\" \/>\n\t<meta name=\"twitter:data2\" content=\"3 minutos\" \/>\n<script type=\"application\/ld+json\" class=\"yoast-schema-graph\">{\"@context\":\"https:\/\/schema.org\",\"@graph\":[{\"@type\":\"WebPage\",\"@id\":\"https:\/\/ferrolan.es\/blog\/calibel-la-solucion-en-aislamientos-termicos-y-acusticos-2-n16\/\",\"url\":\"https:\/\/ferrolan.es\/blog\/calibel-la-solucion-en-aislamientos-termicos-y-acusticos-2-n16\/\",\"name\":\"Calibel, la soluci\u00f3n en aislamientos t\u00e9rmicos y ac\u00fasticos - Ferrolan Blog\",\"isPartOf\":{\"@id\":\"https:\/\/ferrolan.es\/blog\/#website\"},\"datePublished\":\"2014-02-20T14:44:03+00:00\",\"dateModified\":\"2022-09-28T16:50:36+00:00\",\"author\":{\"@id\":\"https:\/\/ferrolan.es\/blog\/#\/schema\/person\/5f821ed7b37d03887255cc1869b7bd54\"},\"breadcrumb\":{\"@id\":\"https:\/\/ferrolan.es\/blog\/calibel-la-solucion-en-aislamientos-termicos-y-acusticos-2-n16\/#breadcrumb\"},\"inLanguage\":\"es\",\"potentialAction\":[{\"@type\":\"ReadAction\",\"target\":[\"https:\/\/ferrolan.es\/blog\/calibel-la-solucion-en-aislamientos-termicos-y-acusticos-2-n16\/\"]}]},{\"@type\":\"BreadcrumbList\",\"@id\":\"https:\/\/ferrolan.es\/blog\/calibel-la-solucion-en-aislamientos-termicos-y-acusticos-2-n16\/#breadcrumb\",\"itemListElement\":[{\"@type\":\"ListItem\",\"position\":1,\"name\":\"Portada\",\"item\":\"https:\/\/ferrolan.es\/blog\/\"},{\"@type\":\"ListItem\",\"position\":2,\"name\":\"Calibel, la soluci\u00f3n en aislamientos t\u00e9rmicos y ac\u00fasticos\"}]},{\"@type\":\"WebSite\",\"@id\":\"https:\/\/ferrolan.es\/blog\/#website\",\"url\":\"https:\/\/ferrolan.es\/blog\/\",\"name\":\"Ferrolan Blog\",\"description\":\"\",\"potentialAction\":[{\"@type\":\"SearchAction\",\"target\":{\"@type\":\"EntryPoint\",\"urlTemplate\":\"https:\/\/ferrolan.es\/blog\/?s={search_term_string}\"},\"query-input\":\"required name=search_term_string\"}],\"inLanguage\":\"es\"},{\"@type\":\"Person\",\"@id\":\"https:\/\/ferrolan.es\/blog\/#\/schema\/person\/5f821ed7b37d03887255cc1869b7bd54\",\"name\":\"Ferrolan\",\"image\":{\"@type\":\"ImageObject\",\"inLanguage\":\"es\",\"@id\":\"https:\/\/ferrolan.es\/blog\/#\/schema\/person\/image\/\",\"url\":\"https:\/\/secure.gravatar.com\/avatar\/b149d5904395425b1d5615ad2b7afdd232b37e43a107dfe2e261cf16e3f852bb?s=96&d=mm&r=g\",\"contentUrl\":\"https:\/\/secure.gravatar.com\/avatar\/b149d5904395425b1d5615ad2b7afdd232b37e43a107dfe2e261cf16e3f852bb?s=96&d=mm&r=g\",\"caption\":\"Ferrolan\"}}]}<\/script>\n<!-- \/ Yoast SEO plugin. -->","yoast_head_json":{"title":"Calibel, la soluci\u00f3n en aislamientos t\u00e9rmicos y ac\u00fasticos - Ferrolan Blog","robots":{"index":"index","follow":"follow","max-snippet":"max-snippet:-1","max-image-preview":"max-image-preview:large","max-video-preview":"max-video-preview:-1"},"canonical":"https:\/\/ferrolan.es\/blog\/calibel-la-solucion-en-aislamientos-termicos-y-acusticos-2-n16\/","og_locale":"es_ES","og_type":"article","og_title":"Calibel, la soluci\u00f3n en aislamientos t\u00e9rmicos y ac\u00fasticos - Ferrolan Blog","og_description":"Otro a\u00f1o m\u00e1s el fr\u00edo hace aparici\u00f3n y su llegada te recuerda que \u00bfdeber\u00edas mejorar el aislamiento en tu hogar?Desde Ferrolan te vamos a proponer una soluci\u00f3n sencilla y econ\u00f3mica, sin apenas obra, para aumentar el confort de tu hogar.Razones por las que merece la pena aislar tu vivienda con Placa Calibel\u2013 Con un buen aislamiento nos ser\u00e1 m\u00e1s sencillo mantener la temperatura id\u00f3nea en nuestra casa, pues la p\u00e9rdida cal\u00f3rica ser\u00e1 menor y esto lo veremos reflejado en el recibo de la calefacci\u00f3n.\u2013 Mejoraremos problemas de humedades por condensaci\u00f3n, esta humedad se puede eliminar en un 95% con el tratamiento correcto, impidiendo as\u00ed la formaci\u00f3n de esas molestas manchas de moho que se forman tan nocivas para todos en general pero en especial para los peque\u00f1os de la casa ya que pueden provocar problemas respiratorios. Si no tienes claro si tu humedad es por condensaci\u00f3n o por otra causa te proponemos una sencilla prueba, limpia esa mancha con un trapo impregnado en agua y lej\u00eda o amoniaco, si la mancha se va y la pintura permanece intacta lo m\u00e1s probable es que se trate de condensaci\u00f3n.-P\u00e9rdida m\u00ednima de espacio, con este sistema \u00fanicamente perderemos de 4 a 8 cm seg\u00fan el montaje que m\u00e1s nos convenga.\u2013 Lo podemos pegar\u00a0 directamente a la pared con torniller\u00eda o a trav\u00e9s de unos perfiles omega,\u00a0 a m\u00e1s de aislar t\u00e9rmicamente tambi\u00e9n estaremos aislando ac\u00fasticamente, se puede aplicar en obra nueva as\u00ed como en rehabilitaci\u00f3n.La placa Calibel est\u00e1 compuesta por lana de vidrio de alta densidad y una placa de pladur, formando un panel r\u00edgido entre s\u00ed.                                       VentajasImputrescible e inodoroNo es medio adecuado para el desarrollo de microorganismosNo hidr\u00f3filoNo necesita mantenimientoPromueve el ahorro y la eficiencia energ\u00e9ticaPuedes encontrar Calibel en nuestras tiendas.","og_url":"https:\/\/ferrolan.es\/blog\/calibel-la-solucion-en-aislamientos-termicos-y-acusticos-2-n16\/","og_site_name":"Ferrolan Blog","article_published_time":"2014-02-20T14:44:03+00:00","article_modified_time":"2022-09-28T16:50:36+00:00","og_image":[{"width":545,"height":610,"url":"https:\/\/ferrolan.es\/blog\/wp-content\/uploads\/content\/Calibel-1.jpg","type":"image\/jpeg"}],"author":"Ferrolan","twitter_card":"summary_large_image","twitter_misc":{"Escrito por":"Ferrolan","Tiempo de lectura":"3 minutos"},"schema":{"@context":"https:\/\/schema.org","@graph":[{"@type":"WebPage","@id":"https:\/\/ferrolan.es\/blog\/calibel-la-solucion-en-aislamientos-termicos-y-acusticos-2-n16\/","url":"https:\/\/ferrolan.es\/blog\/calibel-la-solucion-en-aislamientos-termicos-y-acusticos-2-n16\/","name":"Calibel, la soluci\u00f3n en aislamientos t\u00e9rmicos y ac\u00fasticos - Ferrolan Blog","isPartOf":{"@id":"https:\/\/ferrolan.es\/blog\/#website"},"datePublished":"2014-02-20T14:44:03+00:00","dateModified":"2022-09-28T16:50:36+00:00","author":{"@id":"https:\/\/ferrolan.es\/blog\/#\/schema\/person\/5f821ed7b37d03887255cc1869b7bd54"},"breadcrumb":{"@id":"https:\/\/ferrolan.es\/blog\/calibel-la-solucion-en-aislamientos-termicos-y-acusticos-2-n16\/#breadcrumb"},"inLanguage":"es","potentialAction":[{"@type":"ReadAction","target":["https:\/\/ferrolan.es\/blog\/calibel-la-solucion-en-aislamientos-termicos-y-acusticos-2-n16\/"]}]},{"@type":"BreadcrumbList","@id":"https:\/\/ferrolan.es\/blog\/calibel-la-solucion-en-aislamientos-termicos-y-acusticos-2-n16\/#breadcrumb","itemListElement":[{"@type":"ListItem","position":1,"name":"Portada","item":"https:\/\/ferrolan.es\/blog\/"},{"@type":"ListItem","position":2,"name":"Calibel, la soluci\u00f3n en aislamientos t\u00e9rmicos y ac\u00fasticos"}]},{"@type":"WebSite","@id":"https:\/\/ferrolan.es\/blog\/#website","url":"https:\/\/ferrolan.es\/blog\/","name":"Ferrolan Blog","description":"","potentialAction":[{"@type":"SearchAction","target":{"@type":"EntryPoint","urlTemplate":"https:\/\/ferrolan.es\/blog\/?s={search_term_string}"},"query-input":"required name=search_term_string"}],"inLanguage":"es"},{"@type":"Person","@id":"https:\/\/ferrolan.es\/blog\/#\/schema\/person\/5f821ed7b37d03887255cc1869b7bd54","name":"Ferrolan","image":{"@type":"ImageObject","inLanguage":"es","@id":"https:\/\/ferrolan.es\/blog\/#\/schema\/person\/image\/","url":"https:\/\/secure.gravatar.com\/avatar\/b149d5904395425b1d5615ad2b7afdd232b37e43a107dfe2e261cf16e3f852bb?s=96&d=mm&r=g","contentUrl":"https:\/\/secure.gravatar.com\/avatar\/b149d5904395425b1d5615ad2b7afdd232b37e43a107dfe2e261cf16e3f852bb?s=96&d=mm&r=g","caption":"Ferrolan"}}]}},"_links":{"self":[{"href":"https:\/\/ferrolan.es\/blog\/wp-json\/wp\/v2\/posts\/452","targetHints":{"allow":["GET"]}}],"collection":[{"href":"https:\/\/ferrolan.es\/blog\/wp-json\/wp\/v2\/posts"}],"about":[{"href":"https:\/\/ferrolan.es\/blog\/wp-json\/wp\/v2\/types\/post"}],"author":[{"embeddable":true,"href":"https:\/\/ferrolan.es\/blog\/wp-json\/wp\/v2\/users\/2"}],"replies":[{"embeddable":true,"href":"https:\/\/ferrolan.es\/blog\/wp-json\/wp\/v2\/comments?post=452"}],"version-history":[{"count":2,"href":"https:\/\/ferrolan.es\/blog\/wp-json\/wp\/v2\/posts\/452\/revisions"}],"predecessor-version":[{"id":4519,"href":"https:\/\/ferrolan.es\/blog\/wp-json\/wp\/v2\/posts\/452\/revisions\/4519"}],"wp:featuredmedia":[{"embeddable":true,"href":"https:\/\/ferrolan.es\/blog\/wp-json\/wp\/v2\/media\/453"}],"wp:attachment":[{"href":"https:\/\/ferrolan.es\/blog\/wp-json\/wp\/v2\/media?parent=452"}],"wp:term":[{"taxonomy":"category","embeddable":true,"href":"https:\/\/ferrolan.es\/blog\/wp-json\/wp\/v2\/categories?post=452"},{"taxonomy":"post_tag","embeddable":true,"href":"https:\/\/ferrolan.es\/blog\/wp-json\/wp\/v2\/tags?post=452"}],"curies":[{"name":"wp","href":"https:\/\/api.w.org\/{rel}","templated":true}]}}