{"id":466,"date":"2014-03-07T20:00:19","date_gmt":"2014-03-07T19:00:19","guid":{"rendered":"https:\/\/ferrolan.es\/blog\/?p=466"},"modified":"2025-10-07T16:09:32","modified_gmt":"2025-10-07T14:09:32","slug":"serie-habitat-de-fanal-n25","status":"publish","type":"post","link":"https:\/\/ferrolan.es\/blog\/serie-habitat-de-fanal-n25\/","title":{"rendered":"Serie Habitat de Fanal"},"content":{"rendered":"[vc_row type=\u00bbin_container\u00bb full_screen_row_position=\u00bbmiddle\u00bb column_margin=\u00bbdefault\u00bb column_direction=\u00bbdefault\u00bb column_direction_tablet=\u00bbdefault\u00bb column_direction_phone=\u00bbdefault\u00bb scene_position=\u00bbcenter\u00bb text_color=\u00bbdark\u00bb text_align=\u00bbleft\u00bb row_border_radius=\u00bbnone\u00bb row_border_radius_applies=\u00bbbg\u00bb overflow=\u00bbvisible\u00bb overlay_strength=\u00bb0.3&#8243; gradient_direction=\u00bbleft_to_right\u00bb shape_divider_position=\u00bbbottom\u00bb bg_image_animation=\u00bbnone\u00bb][vc_column column_padding=\u00bbno-extra-padding\u00bb column_padding_tablet=\u00bbinherit\u00bb column_padding_phone=\u00bbinherit\u00bb column_padding_position=\u00bball\u00bb column_element_spacing=\u00bbdefault\u00bb background_color_opacity=\u00bb1&#8243; background_hover_color_opacity=\u00bb1&#8243; column_shadow=\u00bbnone\u00bb column_border_radius=\u00bbnone\u00bb column_link_target=\u00bb_self\u00bb column_position=\u00bbdefault\u00bb gradient_direction=\u00bbleft_to_right\u00bb overlay_strength=\u00bb0.3&#8243; width=\u00bb1\/1&#8243; tablet_width_inherit=\u00bbdefault\u00bb tablet_text_alignment=\u00bbdefault\u00bb phone_text_alignment=\u00bbdefault\u00bb animation_type=\u00bbdefault\u00bb bg_image_animation=\u00bbnone\u00bb border_type=\u00bbsimple\u00bb column_border_width=\u00bbnone\u00bb column_border_style=\u00bbsolid\u00bb][vc_column_text]Fanal presenta la colecci\u00f3n Habitat, una serie de cer\u00e1mica multiformato inspirada en la textura del cemento y con una cuidada destonificaci\u00f3n entre piezas. Por su acabado fr\u00edo es ideal para crear espacios minimalistas con un toque urbano. Est\u00e1 disponible en una amplia gama de colores fr\u00edos y c\u00e1lidos, as\u00ed como en tres acabados; Brillo, mate y lapado, que te ofrecen un sinf\u00edn de combinaciones para cualquier espacio residencial o comercial.<\/p>\n<figure><a href=\"https:\/\/ferrolan.es\/blog\/wp-content\/uploads\/content\/Habitat-1.jpg\" data-elementor-open-lightbox=\"default\" data-elementor-lightbox-slideshow=\"32d5fb1\"><br \/>\n<img decoding=\"async\" src=\"https:\/\/ferrolan.es\/blog\/wp-content\/uploads\/content\/Habitat-1.jpg\" alt=\"\" \/> <\/a><\/p><figcaption><\/figcaption><\/figure>\n<h2>Colecci\u00f3n Habitat: Decoraci\u00f3n vanguardista<\/h2>\n<p>Uno de los puntos singulares de la colecci\u00f3n Habitat es la amplia gama de piezas decoradas. En la siguiente fotograf\u00eda puedes ver las decoraciones combinadas con bases lisas, fabricadas en pasta blanca.<\/p>\n<figure><a href=\"https:\/\/ferrolan.es\/blog\/wp-content\/uploads\/content\/Habitat-2.jpg\" data-elementor-open-lightbox=\"default\" data-elementor-lightbox-slideshow=\"32d5fb1\"><img decoding=\"async\" src=\"https:\/\/ferrolan.es\/blog\/wp-content\/uploads\/content\/Habitat-2.jpg\" alt=\"\" \/><\/a><\/p><figcaption><\/figcaption><\/figure>\n<p>Puedes encontrar esta colecci\u00f3n de baldosas en <strong><a href=\"https:\/\/ferrolan.es\/blog\/tiendas\" target=\"_blank\" rel=\"noopener\">nuestras <\/a><\/strong><strong><a href=\"https:\/\/ferrolan.es\/blog\/tiendas\" target=\"_blank\" rel=\"noopener\">tiendas<\/a><\/strong> o obt\u00e9n m\u00e1s informaci\u00f3n en la <strong><a href=\"https:\/\/www.fanal.com\/\" target=\"_blank\" rel=\"noopener nofollow\">web<\/a><\/strong><strong><a href=\"https:\/\/www.fanal.com\/\" target=\"_blank\" rel=\"noopener nofollow\"> del fabricante<\/a><\/strong>.[\/vc_column_text][\/vc_column][\/vc_row]\n","protected":false},"excerpt":{"rendered":"<p><img decoding=\"async\" src=\"https:\/\/ferrolan.es\/blog\/wp-content\/uploads\/content\/Habitat-5.jpg\" loading=\"lazy\" alt=\"\">                                <\/p>\n<p style=\"text-align: justify;\">Fanal nos presenta Habitat una colecci\u00f3n de azulejos multiformato inspirada en la textura del cemento con una gran elevada destonificaci\u00f3n en sus piezas. Ideal para crear espacios minimalistas y con un toque urbano.<\/p>\n<p>Disponible en una amplia gama de colores fr\u00edos y c\u00e1lidos, as\u00ed como 3 acabados; Brillo, mate y lapado, que te ofrecen un sinf\u00edn de combinaciones para cualquier espacio residencial o comercial.<\/p>\n<figure>\n                                            <a data-elementor-open-lightbox=\"default\" data-elementor-lightbox-slideshow=\"32d5fb1\" href=\"https:\/\/ferrolan.es\/blog\/wp-content\/uploads\/content\/Habitat-1.jpg\"\n                                                        ><br \/>\n                                            <img decoding=\"async\" src=\"https:\/\/ferrolan.es\/blog\/wp-content\/uploads\/content\/Habitat-1.jpg\" loading=\"lazy\" alt=\"\">                                            <\/a><figcaption><\/figcaption><\/figure>\n<figure>\n                                            <a data-elementor-open-lightbox=\"default\" data-elementor-lightbox-slideshow=\"32d5fb1\" href=\"https:\/\/ferrolan.es\/blog\/wp-content\/uploads\/content\/Habitat-2.jpg\"\n                                                        ><br \/>\n                                            <img decoding=\"async\" src=\"https:\/\/ferrolan.es\/blog\/wp-content\/uploads\/content\/Habitat-2.jpg\" loading=\"lazy\" alt=\"\">                                            <\/a><figcaption><\/figcaption><\/figure>\n<figure>\n                                            <a data-elementor-open-lightbox=\"default\" data-elementor-lightbox-slideshow=\"32d5fb1\" href=\"https:\/\/ferrolan.es\/blog\/wp-content\/uploads\/content\/Habitat-3.jpg\"\n                                                        ><br \/>\n                                            <img decoding=\"async\" src=\"https:\/\/ferrolan.es\/blog\/wp-content\/uploads\/content\/Habitat-3.jpg\" loading=\"lazy\" alt=\"\">                                            <\/a><figcaption><\/figcaption><\/figure>\n<figure>\n                                            <a data-elementor-open-lightbox=\"default\" data-elementor-lightbox-slideshow=\"32d5fb1\" href=\"https:\/\/ferrolan.es\/blog\/wp-content\/uploads\/content\/Habitat-4.jpg\"\n                                                        ><br \/>\n                                            <img decoding=\"async\" src=\"https:\/\/ferrolan.es\/blog\/wp-content\/uploads\/content\/Habitat-4.jpg\" loading=\"lazy\" alt=\"\">                                            <\/a><figcaption><\/figcaption><\/figure>\n<\/p>\n<p>Destacamos sus piezas decoradas fabricadas en pasta blanca, que ayudar\u00e1n a darle a tus estancias un plus decorativo. <\/p>\n<figure>\n                            <img decoding=\"async\" src=\"https:\/\/ferrolan.es\/blog\/wp-content\/uploads\/content\/Habitat-6.jpg\" loading=\"lazy\" alt=\"\"><figcaption>Dec. Habitat A<\/figcaption><\/figure>\n<figure>\n                            <img decoding=\"async\" src=\"https:\/\/ferrolan.es\/blog\/wp-content\/uploads\/content\/Habitat-7.jpg\" loading=\"lazy\" alt=\"\"><figcaption>Dec. Habitat Lineal A<\/figcaption><\/figure>\n<\/p>\n<p>Puedes encontrar esta colecci\u00f3n de baldosas en <strong><a href=\"https:\/\/ferrolan.es\/blog\/tiendas\" target=\"_blank\" rel=\"noopener\">nuestras <\/a><\/strong><strong><a href=\"https:\/\/ferrolan.es\/blog\/tiendas\" target=\"_blank\" rel=\"noopener\">tiendas<\/a><\/strong> o obt\u00e9n m\u00e1s informaci\u00f3n en la <strong><a href=\"https:\/\/www.fanal.com\/\" target=\"_blank\" rel=\"noopener\">web<\/a><\/strong><strong><a href=\"https:\/\/www.fanal.com\/\" target=\"_blank\" rel=\"noopener\"> del fabricante<\/a><\/strong>.<\/p>\n","protected":false},"author":2,"featured_media":467,"comment_status":"open","ping_status":"closed","sticky":false,"template":"","format":"standard","meta":{"footnotes":""},"categories":[7,1086],"tags":[],"class_list":{"0":"post-466","1":"post","2":"type-post","3":"status-publish","4":"format-standard","5":"has-post-thumbnail","7":"category-suelos","8":"category-inspiracion-e-ideas"},"yoast_head":"<!-- This site is optimized with the Yoast SEO plugin v20.7 - https:\/\/yoast.com\/wordpress\/plugins\/seo\/ -->\n<title>Serie Habitat de Fanal - Ferrolan Blog<\/title>\n<meta name=\"robots\" content=\"index, follow, max-snippet:-1, max-image-preview:large, max-video-preview:-1\" \/>\n<link rel=\"canonical\" href=\"https:\/\/ferrolan.es\/blog\/serie-habitat-de-fanal-n25\/\" \/>\n<meta property=\"og:locale\" content=\"es_ES\" \/>\n<meta property=\"og:type\" content=\"article\" \/>\n<meta property=\"og:title\" content=\"Serie Habitat de Fanal - Ferrolan Blog\" \/>\n<meta property=\"og:description\" content=\"Fanal nos presenta Habitat una colecci\u00f3n de azulejos multiformato inspirada en la textura del cemento con una gran elevada destonificaci\u00f3n en sus piezas. Ideal para crear espacios minimalistas y con un toque urbano.Disponible en una amplia gama de colores fr\u00edos y c\u00e1lidos, as\u00ed como 3 acabados; Brillo, mate y lapado, que te ofrecen un sinf\u00edn de combinaciones para cualquier espacio residencial o comercial.                                                                                                                                                                                                                                                                                                                                                                                                                                                                        Destacamos sus piezas decoradas fabricadas en pasta blanca, que ayudar\u00e1n a darle a tus estancias un plus decorativo.                                             Dec. Habitat A                                                       Dec. Habitat Lineal A                    Puedes encontrar esta colecci\u00f3n de baldosas en nuestras tiendas o obt\u00e9n m\u00e1s informaci\u00f3n en la web del fabricante.\" \/>\n<meta property=\"og:url\" content=\"https:\/\/ferrolan.es\/blog\/serie-habitat-de-fanal-n25\/\" \/>\n<meta property=\"og:site_name\" content=\"Ferrolan Blog\" \/>\n<meta property=\"article:published_time\" content=\"2014-03-07T19:00:19+00:00\" \/>\n<meta property=\"article:modified_time\" content=\"2025-10-07T14:09:32+00:00\" \/>\n<meta property=\"og:image\" content=\"https:\/\/ferrolan.es\/blog\/wp-content\/uploads\/content\/Habitat-5.jpg\" \/>\n\t<meta property=\"og:image:width\" content=\"1072\" \/>\n\t<meta property=\"og:image:height\" content=\"806\" \/>\n\t<meta property=\"og:image:type\" content=\"image\/jpeg\" \/>\n<meta name=\"author\" content=\"Ferrolan\" \/>\n<meta name=\"twitter:card\" content=\"summary_large_image\" \/>\n<meta name=\"twitter:label1\" content=\"Escrito por\" \/>\n\t<meta name=\"twitter:data1\" content=\"Ferrolan\" \/>\n\t<meta name=\"twitter:label2\" content=\"Tiempo de lectura\" \/>\n\t<meta name=\"twitter:data2\" content=\"2 minutos\" \/>\n<script type=\"application\/ld+json\" class=\"yoast-schema-graph\">{\"@context\":\"https:\/\/schema.org\",\"@graph\":[{\"@type\":\"WebPage\",\"@id\":\"https:\/\/ferrolan.es\/blog\/serie-habitat-de-fanal-n25\/\",\"url\":\"https:\/\/ferrolan.es\/blog\/serie-habitat-de-fanal-n25\/\",\"name\":\"Serie Habitat de Fanal - Ferrolan Blog\",\"isPartOf\":{\"@id\":\"https:\/\/ferrolan.es\/blog\/#website\"},\"datePublished\":\"2014-03-07T19:00:19+00:00\",\"dateModified\":\"2025-10-07T14:09:32+00:00\",\"author\":{\"@id\":\"https:\/\/ferrolan.es\/blog\/#\/schema\/person\/5f821ed7b37d03887255cc1869b7bd54\"},\"breadcrumb\":{\"@id\":\"https:\/\/ferrolan.es\/blog\/serie-habitat-de-fanal-n25\/#breadcrumb\"},\"inLanguage\":\"es\",\"potentialAction\":[{\"@type\":\"ReadAction\",\"target\":[\"https:\/\/ferrolan.es\/blog\/serie-habitat-de-fanal-n25\/\"]}]},{\"@type\":\"BreadcrumbList\",\"@id\":\"https:\/\/ferrolan.es\/blog\/serie-habitat-de-fanal-n25\/#breadcrumb\",\"itemListElement\":[{\"@type\":\"ListItem\",\"position\":1,\"name\":\"Portada\",\"item\":\"https:\/\/ferrolan.es\/blog\/\"},{\"@type\":\"ListItem\",\"position\":2,\"name\":\"Serie Habitat de Fanal\"}]},{\"@type\":\"WebSite\",\"@id\":\"https:\/\/ferrolan.es\/blog\/#website\",\"url\":\"https:\/\/ferrolan.es\/blog\/\",\"name\":\"Ferrolan Blog\",\"description\":\"\",\"potentialAction\":[{\"@type\":\"SearchAction\",\"target\":{\"@type\":\"EntryPoint\",\"urlTemplate\":\"https:\/\/ferrolan.es\/blog\/?s={search_term_string}\"},\"query-input\":\"required name=search_term_string\"}],\"inLanguage\":\"es\"},{\"@type\":\"Person\",\"@id\":\"https:\/\/ferrolan.es\/blog\/#\/schema\/person\/5f821ed7b37d03887255cc1869b7bd54\",\"name\":\"Ferrolan\",\"image\":{\"@type\":\"ImageObject\",\"inLanguage\":\"es\",\"@id\":\"https:\/\/ferrolan.es\/blog\/#\/schema\/person\/image\/\",\"url\":\"https:\/\/secure.gravatar.com\/avatar\/b149d5904395425b1d5615ad2b7afdd232b37e43a107dfe2e261cf16e3f852bb?s=96&d=mm&r=g\",\"contentUrl\":\"https:\/\/secure.gravatar.com\/avatar\/b149d5904395425b1d5615ad2b7afdd232b37e43a107dfe2e261cf16e3f852bb?s=96&d=mm&r=g\",\"caption\":\"Ferrolan\"}}]}<\/script>\n<!-- \/ Yoast SEO plugin. -->","yoast_head_json":{"title":"Serie Habitat de Fanal - Ferrolan Blog","robots":{"index":"index","follow":"follow","max-snippet":"max-snippet:-1","max-image-preview":"max-image-preview:large","max-video-preview":"max-video-preview:-1"},"canonical":"https:\/\/ferrolan.es\/blog\/serie-habitat-de-fanal-n25\/","og_locale":"es_ES","og_type":"article","og_title":"Serie Habitat de Fanal - Ferrolan Blog","og_description":"Fanal nos presenta Habitat una colecci\u00f3n de azulejos multiformato inspirada en la textura del cemento con una gran elevada destonificaci\u00f3n en sus piezas. Ideal para crear espacios minimalistas y con un toque urbano.Disponible en una amplia gama de colores fr\u00edos y c\u00e1lidos, as\u00ed como 3 acabados; Brillo, mate y lapado, que te ofrecen un sinf\u00edn de combinaciones para cualquier espacio residencial o comercial.                                                                                                                                                                                                                                                                                                                                                                                                                                                                        Destacamos sus piezas decoradas fabricadas en pasta blanca, que ayudar\u00e1n a darle a tus estancias un plus decorativo.                                             Dec. Habitat A                                                       Dec. Habitat Lineal A                    Puedes encontrar esta colecci\u00f3n de baldosas en nuestras tiendas o obt\u00e9n m\u00e1s informaci\u00f3n en la web del fabricante.","og_url":"https:\/\/ferrolan.es\/blog\/serie-habitat-de-fanal-n25\/","og_site_name":"Ferrolan Blog","article_published_time":"2014-03-07T19:00:19+00:00","article_modified_time":"2025-10-07T14:09:32+00:00","og_image":[{"width":1072,"height":806,"url":"https:\/\/ferrolan.es\/blog\/wp-content\/uploads\/content\/Habitat-5.jpg","type":"image\/jpeg"}],"author":"Ferrolan","twitter_card":"summary_large_image","twitter_misc":{"Escrito por":"Ferrolan","Tiempo de lectura":"2 minutos"},"schema":{"@context":"https:\/\/schema.org","@graph":[{"@type":"WebPage","@id":"https:\/\/ferrolan.es\/blog\/serie-habitat-de-fanal-n25\/","url":"https:\/\/ferrolan.es\/blog\/serie-habitat-de-fanal-n25\/","name":"Serie Habitat de Fanal - Ferrolan Blog","isPartOf":{"@id":"https:\/\/ferrolan.es\/blog\/#website"},"datePublished":"2014-03-07T19:00:19+00:00","dateModified":"2025-10-07T14:09:32+00:00","author":{"@id":"https:\/\/ferrolan.es\/blog\/#\/schema\/person\/5f821ed7b37d03887255cc1869b7bd54"},"breadcrumb":{"@id":"https:\/\/ferrolan.es\/blog\/serie-habitat-de-fanal-n25\/#breadcrumb"},"inLanguage":"es","potentialAction":[{"@type":"ReadAction","target":["https:\/\/ferrolan.es\/blog\/serie-habitat-de-fanal-n25\/"]}]},{"@type":"BreadcrumbList","@id":"https:\/\/ferrolan.es\/blog\/serie-habitat-de-fanal-n25\/#breadcrumb","itemListElement":[{"@type":"ListItem","position":1,"name":"Portada","item":"https:\/\/ferrolan.es\/blog\/"},{"@type":"ListItem","position":2,"name":"Serie Habitat de Fanal"}]},{"@type":"WebSite","@id":"https:\/\/ferrolan.es\/blog\/#website","url":"https:\/\/ferrolan.es\/blog\/","name":"Ferrolan Blog","description":"","potentialAction":[{"@type":"SearchAction","target":{"@type":"EntryPoint","urlTemplate":"https:\/\/ferrolan.es\/blog\/?s={search_term_string}"},"query-input":"required name=search_term_string"}],"inLanguage":"es"},{"@type":"Person","@id":"https:\/\/ferrolan.es\/blog\/#\/schema\/person\/5f821ed7b37d03887255cc1869b7bd54","name":"Ferrolan","image":{"@type":"ImageObject","inLanguage":"es","@id":"https:\/\/ferrolan.es\/blog\/#\/schema\/person\/image\/","url":"https:\/\/secure.gravatar.com\/avatar\/b149d5904395425b1d5615ad2b7afdd232b37e43a107dfe2e261cf16e3f852bb?s=96&d=mm&r=g","contentUrl":"https:\/\/secure.gravatar.com\/avatar\/b149d5904395425b1d5615ad2b7afdd232b37e43a107dfe2e261cf16e3f852bb?s=96&d=mm&r=g","caption":"Ferrolan"}}]}},"_links":{"self":[{"href":"https:\/\/ferrolan.es\/blog\/wp-json\/wp\/v2\/posts\/466","targetHints":{"allow":["GET"]}}],"collection":[{"href":"https:\/\/ferrolan.es\/blog\/wp-json\/wp\/v2\/posts"}],"about":[{"href":"https:\/\/ferrolan.es\/blog\/wp-json\/wp\/v2\/types\/post"}],"author":[{"embeddable":true,"href":"https:\/\/ferrolan.es\/blog\/wp-json\/wp\/v2\/users\/2"}],"replies":[{"embeddable":true,"href":"https:\/\/ferrolan.es\/blog\/wp-json\/wp\/v2\/comments?post=466"}],"version-history":[{"count":4,"href":"https:\/\/ferrolan.es\/blog\/wp-json\/wp\/v2\/posts\/466\/revisions"}],"predecessor-version":[{"id":11611,"href":"https:\/\/ferrolan.es\/blog\/wp-json\/wp\/v2\/posts\/466\/revisions\/11611"}],"wp:featuredmedia":[{"embeddable":true,"href":"https:\/\/ferrolan.es\/blog\/wp-json\/wp\/v2\/media\/467"}],"wp:attachment":[{"href":"https:\/\/ferrolan.es\/blog\/wp-json\/wp\/v2\/media?parent=466"}],"wp:term":[{"taxonomy":"category","embeddable":true,"href":"https:\/\/ferrolan.es\/blog\/wp-json\/wp\/v2\/categories?post=466"},{"taxonomy":"post_tag","embeddable":true,"href":"https:\/\/ferrolan.es\/blog\/wp-json\/wp\/v2\/tags?post=466"}],"curies":[{"name":"wp","href":"https:\/\/api.w.org\/{rel}","templated":true}]}}