{"id":487,"date":"2014-03-08T12:00:50","date_gmt":"2014-03-08T11:00:50","guid":{"rendered":"https:\/\/ferrolan.es\/blog\/?p=487"},"modified":"2022-09-29T09:16:21","modified_gmt":"2022-09-29T07:16:21","slug":"paris-mueble-de-bano-para-espacios-reducidos-de-bk-n38","status":"publish","type":"post","link":"https:\/\/ferrolan.es\/blog\/paris-mueble-de-bano-para-espacios-reducidos-de-bk-n38\/","title":{"rendered":"Par\u00eds, mueble de ba\u00f1o para espacios reducidos de B&#038;K"},"content":{"rendered":"[vc_row type=\u00bbin_container\u00bb full_screen_row_position=\u00bbmiddle\u00bb column_margin=\u00bbdefault\u00bb column_direction=\u00bbdefault\u00bb column_direction_tablet=\u00bbdefault\u00bb column_direction_phone=\u00bbdefault\u00bb scene_position=\u00bbcenter\u00bb text_color=\u00bbdark\u00bb text_align=\u00bbleft\u00bb row_border_radius=\u00bbnone\u00bb row_border_radius_applies=\u00bbbg\u00bb overflow=\u00bbvisible\u00bb overlay_strength=\u00bb0.3&#8243; gradient_direction=\u00bbleft_to_right\u00bb shape_divider_position=\u00bbbottom\u00bb bg_image_animation=\u00bbnone\u00bb][vc_column column_padding=\u00bbno-extra-padding\u00bb column_padding_tablet=\u00bbinherit\u00bb column_padding_phone=\u00bbinherit\u00bb column_padding_position=\u00bball\u00bb column_element_spacing=\u00bbdefault\u00bb background_color_opacity=\u00bb1&#8243; background_hover_color_opacity=\u00bb1&#8243; column_shadow=\u00bbnone\u00bb column_border_radius=\u00bbnone\u00bb column_link_target=\u00bb_self\u00bb column_position=\u00bbdefault\u00bb gradient_direction=\u00bbleft_to_right\u00bb overlay_strength=\u00bb0.3&#8243; width=\u00bb1\/1&#8243; tablet_width_inherit=\u00bbdefault\u00bb tablet_text_alignment=\u00bbdefault\u00bb phone_text_alignment=\u00bbdefault\u00bb animation_type=\u00bbdefault\u00bb bg_image_animation=\u00bbnone\u00bb border_type=\u00bbsimple\u00bb column_border_width=\u00bbnone\u00bb column_border_style=\u00bbsolid\u00bb][vc_column_text]Cuando la falta de espacio se hace evidente en un ba\u00f1o, cuesta encontrar mobiliario adecuado sin perder excesiva funcionalidad. Desde Bath&amp;Kitchen nos presentan su propuesta de muebles de ba\u00f1o para espacios reducidos.<\/p>\n<p>Par\u00eds, con unas medidas de 45x30x35 cm es un concepto de mueble de ba\u00f1o de automontaje, con espejo y lavabo integrado dise\u00f1ado para ba\u00f1os o aseos peque\u00f1os. La serie Par\u00eds se fabrica en tres colores diferentes; blanco, wengu\u00e9 y zebrano; lo que te facilitar\u00e1 la integraci\u00f3n del mueble con el resto de la decoraci\u00f3n del ba\u00f1o.<\/p>\n<p><img decoding=\"async\" src=\"https:\/\/ferrolan.es\/blog\/wp-content\/uploads\/2014\/03\/mueble_paris.jpg\" alt=\"paris\" \/><\/p>\n<h2>Dimensiones mueble Par\u00eds<\/h2>\n<ul>\n<li>Mueble 450x300x350 mm<\/li>\n<li>Lavabo de porcelana 450x300x100 mm<\/li>\n<li>Espejo 450\u00d7650 mm<\/li>\n<\/ul>\n<p>Puedes encontrar este producto en <strong><a href=\"http:\/\/www.ferrolan.es\/tiendas\" target=\"_blank\" rel=\"noopener\">nuestras <\/a><\/strong><strong><a href=\"https:\/\/ferrolan.es\/content\/27-nuestras-tiendas\" target=\"_blank\" rel=\"noopener\">tiendas<\/a><\/strong> o obt\u00e9n m\u00e1s informaci\u00f3n en la <strong><a href=\"https:\/\/www.bathkitchens.com\/es\/\" target=\"_blank\" rel=\"noopener\">web<\/a><\/strong><strong><a href=\"https:\/\/www.bathkitchens.com\/es\/\" target=\"_blank\" rel=\"noopener\"> del fabricante<\/a><\/strong>.[\/vc_column_text][\/vc_column][\/vc_row]\n","protected":false},"excerpt":{"rendered":"<p><img decoding=\"async\" src=\"https:\/\/ferrolan.es\/blog\/wp-content\/uploads\/content\/Paris-1.jpg\" loading=\"lazy\" alt=\"\">                                <\/p>\n<p dir=\"ltr\" style=\"line-height: 1.38; text-align: justify; background-color: #ffffff; margin-top: 0pt; margin-bottom: 0pt; padding: 0pt 0pt 18pt 0pt;\">Cuando la falta de espacio se hace evidente en un ba\u00f1o, nos cuesta encontrar mobiliario adecuado sin perder excesiva funcionalidad. Desde Bath&#038;Kitchen nos presentan su propuesta de muebles de ba\u00f1o para espacios reducidos.\u00a0<\/p>\n<p>Par\u00eds, con unas medidas de 45x30x35 cm, es un concepto de mueble de ba\u00f1o de automontaje, con espejo y lavabo integrado dise\u00f1ado para ba\u00f1os o aseos peque\u00f1os. La serie Par\u00eds se fabrica en tres colores diferentes; blanco, wengu\u00e9 y zebrano; lo que nos facilitar\u00e1 la integraci\u00f3n del mueble con el resto de la decoraci\u00f3n del ba\u00f1o.<\/p>\n<figure>\n                                            <a data-elementor-open-lightbox=\"default\" data-elementor-lightbox-slideshow=\"89fb766\" href=\"https:\/\/ferrolan.es\/blog\/wp-content\/uploads\/content\/Paris-2.jpg\"\n                                                        ><br \/>\n                                            <img decoding=\"async\" src=\"https:\/\/ferrolan.es\/blog\/wp-content\/uploads\/content\/Paris-2.jpg\" loading=\"lazy\" alt=\"\">                                            <\/a><figcaption>Blanco<\/figcaption><\/figure>\n<figure>\n                                            <a data-elementor-open-lightbox=\"default\" data-elementor-lightbox-slideshow=\"89fb766\" href=\"https:\/\/ferrolan.es\/blog\/wp-content\/uploads\/content\/Paris-1.jpg\"\n                                                        ><br \/>\n                                            <img decoding=\"async\" src=\"https:\/\/ferrolan.es\/blog\/wp-content\/uploads\/content\/Paris-1.jpg\" loading=\"lazy\" alt=\"\">                                            <\/a><figcaption>Wengu\u00e9<\/figcaption><\/figure>\n<figure>\n                                            <a data-elementor-open-lightbox=\"default\" data-elementor-lightbox-slideshow=\"89fb766\" href=\"https:\/\/ferrolan.es\/blog\/wp-content\/uploads\/content\/Paris-3.jpg\"\n                                                        ><br \/>\n                                            <img decoding=\"async\" src=\"https:\/\/ferrolan.es\/blog\/wp-content\/uploads\/content\/Paris-3.jpg\" loading=\"lazy\" alt=\"\">                                            <\/a><figcaption>Zebrano<\/figcaption><\/figure>\n<p dir=\"ltr\" style=\"line-height: 1.68; text-align: justify; background-color: #ffffff; margin-top: 18pt; margin-bottom: 5pt;\">Dimensiones<\/p>\n<\/p>\n<ul style=\"margin-top: 0; margin-bottom: 0; padding-inline-start: 48px;\">\n<li dir=\"ltr\" style=\"list-style-type: disc; font-size: 13.5pt; font-family: Arial; color: #444444; background-color: transparent; font-weight: 400; font-style: normal; font-variant: normal; text-decoration: none; vertical-align: baseline; white-space: pre; margin-left: 18pt;\" aria-level=\"1\">\n<p dir=\"ltr\" style=\"line-height: 2.04; background-color: #ffffff; margin-top: 0pt; margin-bottom: 0pt;\" role=\"presentation\">Mueble 450x300x350 mm<\/p>\n<\/li>\n<li dir=\"ltr\" style=\"list-style-type: disc; font-size: 13.5pt; font-family: Arial; color: #444444; background-color: transparent; font-weight: 400; font-style: normal; font-variant: normal; text-decoration: none; vertical-align: baseline; white-space: pre; margin-left: 18pt;\" aria-level=\"1\">\n<p dir=\"ltr\" style=\"line-height: 2.04; background-color: #ffffff; margin-top: 0pt; margin-bottom: 0pt;\" role=\"presentation\">Lavabo de porcelana 450x300x100 mm<\/p>\n<\/li>\n<li dir=\"ltr\" style=\"list-style-type: disc; font-size: 13.5pt; font-family: Arial; color: #444444; background-color: transparent; font-weight: 400; font-style: normal; font-variant: normal; text-decoration: none; vertical-align: baseline; white-space: pre; margin-left: 18pt;\" aria-level=\"1\">\n<p dir=\"ltr\" style=\"line-height: 2.04; background-color: #ffffff; margin-top: 0pt; margin-bottom: 0pt; padding: 0pt 0pt 32pt 0pt;\" role=\"presentation\">Espejo 450\u00d7650 mm<\/p>\n<\/li>\n<\/ul>\n<p>Puedes encontrar este producto en <strong><a href=\"http:\/\/www.ferrolan.es\/tiendas\" target=\"_blank\" rel=\"noopener\">nuestras <\/a><\/strong><strong><a href=\"http:\/\/www.ferrolan.es\/tiendas\" target=\"_blank\" rel=\"noopener\">tiendas<\/a><\/strong> o obt\u00e9n m\u00e1s informaci\u00f3n en la <strong><a href=\"https:\/\/www.bathkitchens.com\/es\/\" target=\"_blank\" rel=\"noopener\">web<\/a><\/strong><strong><a href=\"https:\/\/www.bathkitchens.com\/es\/\" target=\"_blank\" rel=\"noopener\"> del fabricante<\/a><\/strong>.<\/p>\n","protected":false},"author":2,"featured_media":3416,"comment_status":"open","ping_status":"closed","sticky":false,"template":"","format":"standard","meta":{"footnotes":""},"categories":[82,1086],"tags":[],"class_list":{"0":"post-487","1":"post","2":"type-post","3":"status-publish","4":"format-standard","5":"has-post-thumbnail","7":"category-banos","8":"category-inspiracion-e-ideas"},"yoast_head":"<!-- This site is optimized with the Yoast SEO plugin v20.7 - https:\/\/yoast.com\/wordpress\/plugins\/seo\/ -->\n<title>Par\u00eds, mueble de ba\u00f1o para espacios reducidos de B&amp;K - Ferrolan Blog<\/title>\n<meta name=\"robots\" content=\"index, follow, max-snippet:-1, max-image-preview:large, max-video-preview:-1\" \/>\n<link rel=\"canonical\" href=\"https:\/\/ferrolan.es\/blog\/paris-mueble-de-bano-para-espacios-reducidos-de-bk-n38\/\" \/>\n<meta property=\"og:locale\" content=\"es_ES\" \/>\n<meta property=\"og:type\" content=\"article\" \/>\n<meta property=\"og:title\" content=\"Par\u00eds, mueble de ba\u00f1o para espacios reducidos de B&amp;K - Ferrolan Blog\" \/>\n<meta property=\"og:description\" content=\"Cuando la falta de espacio se hace evidente en un ba\u00f1o, nos cuesta encontrar mobiliario adecuado sin perder excesiva funcionalidad. Desde Bath&amp;Kitchen nos presentan su propuesta de muebles de ba\u00f1o para espacios reducidos.\u00a0Par\u00eds, con unas medidas de 45x30x35 cm, es un concepto de mueble de ba\u00f1o de automontaje, con espejo y lavabo integrado dise\u00f1ado para ba\u00f1os o aseos peque\u00f1os. La serie Par\u00eds se fabrica en tres colores diferentes; blanco, wengu\u00e9 y zebrano; lo que nos facilitar\u00e1 la integraci\u00f3n del mueble con el resto de la decoraci\u00f3n del ba\u00f1o.                                                                                                      Blanco                                                                                                                 Wengu\u00e9                                                                                                                 Zebrano              DimensionesMueble 450x300x350 mmLavabo de porcelana 450x300x100 mmEspejo 450\u00d7650 mmPuedes encontrar este producto en nuestras tiendas o obt\u00e9n m\u00e1s informaci\u00f3n en la web del fabricante.\" \/>\n<meta property=\"og:url\" content=\"https:\/\/ferrolan.es\/blog\/paris-mueble-de-bano-para-espacios-reducidos-de-bk-n38\/\" \/>\n<meta property=\"og:site_name\" content=\"Ferrolan Blog\" \/>\n<meta property=\"article:published_time\" content=\"2014-03-08T11:00:50+00:00\" \/>\n<meta property=\"article:modified_time\" content=\"2022-09-29T07:16:21+00:00\" \/>\n<meta property=\"og:image\" content=\"https:\/\/ferrolan.es\/blog\/wp-content\/uploads\/2014\/03\/bano_reducido.jpg\" \/>\n\t<meta property=\"og:image:width\" content=\"866\" \/>\n\t<meta property=\"og:image:height\" content=\"437\" \/>\n\t<meta property=\"og:image:type\" content=\"image\/jpeg\" \/>\n<meta name=\"author\" content=\"Ferrolan\" \/>\n<meta name=\"twitter:card\" content=\"summary_large_image\" \/>\n<meta name=\"twitter:label1\" content=\"Escrito por\" \/>\n\t<meta name=\"twitter:data1\" content=\"Ferrolan\" \/>\n\t<meta name=\"twitter:label2\" content=\"Tiempo de lectura\" \/>\n\t<meta name=\"twitter:data2\" content=\"1 minuto\" \/>\n<script type=\"application\/ld+json\" class=\"yoast-schema-graph\">{\"@context\":\"https:\/\/schema.org\",\"@graph\":[{\"@type\":\"WebPage\",\"@id\":\"https:\/\/ferrolan.es\/blog\/paris-mueble-de-bano-para-espacios-reducidos-de-bk-n38\/\",\"url\":\"https:\/\/ferrolan.es\/blog\/paris-mueble-de-bano-para-espacios-reducidos-de-bk-n38\/\",\"name\":\"Par\u00eds, mueble de ba\u00f1o para espacios reducidos de B&K - Ferrolan Blog\",\"isPartOf\":{\"@id\":\"https:\/\/ferrolan.es\/blog\/#website\"},\"datePublished\":\"2014-03-08T11:00:50+00:00\",\"dateModified\":\"2022-09-29T07:16:21+00:00\",\"author\":{\"@id\":\"https:\/\/ferrolan.es\/blog\/#\/schema\/person\/5f821ed7b37d03887255cc1869b7bd54\"},\"breadcrumb\":{\"@id\":\"https:\/\/ferrolan.es\/blog\/paris-mueble-de-bano-para-espacios-reducidos-de-bk-n38\/#breadcrumb\"},\"inLanguage\":\"es\",\"potentialAction\":[{\"@type\":\"ReadAction\",\"target\":[\"https:\/\/ferrolan.es\/blog\/paris-mueble-de-bano-para-espacios-reducidos-de-bk-n38\/\"]}]},{\"@type\":\"BreadcrumbList\",\"@id\":\"https:\/\/ferrolan.es\/blog\/paris-mueble-de-bano-para-espacios-reducidos-de-bk-n38\/#breadcrumb\",\"itemListElement\":[{\"@type\":\"ListItem\",\"position\":1,\"name\":\"Portada\",\"item\":\"https:\/\/ferrolan.es\/blog\/\"},{\"@type\":\"ListItem\",\"position\":2,\"name\":\"Par\u00eds, mueble de ba\u00f1o para espacios reducidos de B&#038;K\"}]},{\"@type\":\"WebSite\",\"@id\":\"https:\/\/ferrolan.es\/blog\/#website\",\"url\":\"https:\/\/ferrolan.es\/blog\/\",\"name\":\"Ferrolan Blog\",\"description\":\"\",\"potentialAction\":[{\"@type\":\"SearchAction\",\"target\":{\"@type\":\"EntryPoint\",\"urlTemplate\":\"https:\/\/ferrolan.es\/blog\/?s={search_term_string}\"},\"query-input\":\"required name=search_term_string\"}],\"inLanguage\":\"es\"},{\"@type\":\"Person\",\"@id\":\"https:\/\/ferrolan.es\/blog\/#\/schema\/person\/5f821ed7b37d03887255cc1869b7bd54\",\"name\":\"Ferrolan\",\"image\":{\"@type\":\"ImageObject\",\"inLanguage\":\"es\",\"@id\":\"https:\/\/ferrolan.es\/blog\/#\/schema\/person\/image\/\",\"url\":\"https:\/\/secure.gravatar.com\/avatar\/b149d5904395425b1d5615ad2b7afdd232b37e43a107dfe2e261cf16e3f852bb?s=96&d=mm&r=g\",\"contentUrl\":\"https:\/\/secure.gravatar.com\/avatar\/b149d5904395425b1d5615ad2b7afdd232b37e43a107dfe2e261cf16e3f852bb?s=96&d=mm&r=g\",\"caption\":\"Ferrolan\"}}]}<\/script>\n<!-- \/ Yoast SEO plugin. -->","yoast_head_json":{"title":"Par\u00eds, mueble de ba\u00f1o para espacios reducidos de B&K - Ferrolan Blog","robots":{"index":"index","follow":"follow","max-snippet":"max-snippet:-1","max-image-preview":"max-image-preview:large","max-video-preview":"max-video-preview:-1"},"canonical":"https:\/\/ferrolan.es\/blog\/paris-mueble-de-bano-para-espacios-reducidos-de-bk-n38\/","og_locale":"es_ES","og_type":"article","og_title":"Par\u00eds, mueble de ba\u00f1o para espacios reducidos de B&K - Ferrolan Blog","og_description":"Cuando la falta de espacio se hace evidente en un ba\u00f1o, nos cuesta encontrar mobiliario adecuado sin perder excesiva funcionalidad. Desde Bath&Kitchen nos presentan su propuesta de muebles de ba\u00f1o para espacios reducidos.\u00a0Par\u00eds, con unas medidas de 45x30x35 cm, es un concepto de mueble de ba\u00f1o de automontaje, con espejo y lavabo integrado dise\u00f1ado para ba\u00f1os o aseos peque\u00f1os. La serie Par\u00eds se fabrica en tres colores diferentes; blanco, wengu\u00e9 y zebrano; lo que nos facilitar\u00e1 la integraci\u00f3n del mueble con el resto de la decoraci\u00f3n del ba\u00f1o.                                                                                                      Blanco                                                                                                                 Wengu\u00e9                                                                                                                 Zebrano              DimensionesMueble 450x300x350 mmLavabo de porcelana 450x300x100 mmEspejo 450\u00d7650 mmPuedes encontrar este producto en nuestras tiendas o obt\u00e9n m\u00e1s informaci\u00f3n en la web del fabricante.","og_url":"https:\/\/ferrolan.es\/blog\/paris-mueble-de-bano-para-espacios-reducidos-de-bk-n38\/","og_site_name":"Ferrolan Blog","article_published_time":"2014-03-08T11:00:50+00:00","article_modified_time":"2022-09-29T07:16:21+00:00","og_image":[{"width":866,"height":437,"url":"https:\/\/ferrolan.es\/blog\/wp-content\/uploads\/2014\/03\/bano_reducido.jpg","type":"image\/jpeg"}],"author":"Ferrolan","twitter_card":"summary_large_image","twitter_misc":{"Escrito por":"Ferrolan","Tiempo de lectura":"1 minuto"},"schema":{"@context":"https:\/\/schema.org","@graph":[{"@type":"WebPage","@id":"https:\/\/ferrolan.es\/blog\/paris-mueble-de-bano-para-espacios-reducidos-de-bk-n38\/","url":"https:\/\/ferrolan.es\/blog\/paris-mueble-de-bano-para-espacios-reducidos-de-bk-n38\/","name":"Par\u00eds, mueble de ba\u00f1o para espacios reducidos de B&K - Ferrolan Blog","isPartOf":{"@id":"https:\/\/ferrolan.es\/blog\/#website"},"datePublished":"2014-03-08T11:00:50+00:00","dateModified":"2022-09-29T07:16:21+00:00","author":{"@id":"https:\/\/ferrolan.es\/blog\/#\/schema\/person\/5f821ed7b37d03887255cc1869b7bd54"},"breadcrumb":{"@id":"https:\/\/ferrolan.es\/blog\/paris-mueble-de-bano-para-espacios-reducidos-de-bk-n38\/#breadcrumb"},"inLanguage":"es","potentialAction":[{"@type":"ReadAction","target":["https:\/\/ferrolan.es\/blog\/paris-mueble-de-bano-para-espacios-reducidos-de-bk-n38\/"]}]},{"@type":"BreadcrumbList","@id":"https:\/\/ferrolan.es\/blog\/paris-mueble-de-bano-para-espacios-reducidos-de-bk-n38\/#breadcrumb","itemListElement":[{"@type":"ListItem","position":1,"name":"Portada","item":"https:\/\/ferrolan.es\/blog\/"},{"@type":"ListItem","position":2,"name":"Par\u00eds, mueble de ba\u00f1o para espacios reducidos de B&#038;K"}]},{"@type":"WebSite","@id":"https:\/\/ferrolan.es\/blog\/#website","url":"https:\/\/ferrolan.es\/blog\/","name":"Ferrolan Blog","description":"","potentialAction":[{"@type":"SearchAction","target":{"@type":"EntryPoint","urlTemplate":"https:\/\/ferrolan.es\/blog\/?s={search_term_string}"},"query-input":"required name=search_term_string"}],"inLanguage":"es"},{"@type":"Person","@id":"https:\/\/ferrolan.es\/blog\/#\/schema\/person\/5f821ed7b37d03887255cc1869b7bd54","name":"Ferrolan","image":{"@type":"ImageObject","inLanguage":"es","@id":"https:\/\/ferrolan.es\/blog\/#\/schema\/person\/image\/","url":"https:\/\/secure.gravatar.com\/avatar\/b149d5904395425b1d5615ad2b7afdd232b37e43a107dfe2e261cf16e3f852bb?s=96&d=mm&r=g","contentUrl":"https:\/\/secure.gravatar.com\/avatar\/b149d5904395425b1d5615ad2b7afdd232b37e43a107dfe2e261cf16e3f852bb?s=96&d=mm&r=g","caption":"Ferrolan"}}]}},"_links":{"self":[{"href":"https:\/\/ferrolan.es\/blog\/wp-json\/wp\/v2\/posts\/487","targetHints":{"allow":["GET"]}}],"collection":[{"href":"https:\/\/ferrolan.es\/blog\/wp-json\/wp\/v2\/posts"}],"about":[{"href":"https:\/\/ferrolan.es\/blog\/wp-json\/wp\/v2\/types\/post"}],"author":[{"embeddable":true,"href":"https:\/\/ferrolan.es\/blog\/wp-json\/wp\/v2\/users\/2"}],"replies":[{"embeddable":true,"href":"https:\/\/ferrolan.es\/blog\/wp-json\/wp\/v2\/comments?post=487"}],"version-history":[{"count":3,"href":"https:\/\/ferrolan.es\/blog\/wp-json\/wp\/v2\/posts\/487\/revisions"}],"predecessor-version":[{"id":4647,"href":"https:\/\/ferrolan.es\/blog\/wp-json\/wp\/v2\/posts\/487\/revisions\/4647"}],"wp:featuredmedia":[{"embeddable":true,"href":"https:\/\/ferrolan.es\/blog\/wp-json\/wp\/v2\/media\/3416"}],"wp:attachment":[{"href":"https:\/\/ferrolan.es\/blog\/wp-json\/wp\/v2\/media?parent=487"}],"wp:term":[{"taxonomy":"category","embeddable":true,"href":"https:\/\/ferrolan.es\/blog\/wp-json\/wp\/v2\/categories?post=487"},{"taxonomy":"post_tag","embeddable":true,"href":"https:\/\/ferrolan.es\/blog\/wp-json\/wp\/v2\/tags?post=487"}],"curies":[{"name":"wp","href":"https:\/\/api.w.org\/{rel}","templated":true}]}}