{"id":503,"date":"2014-03-10T12:00:27","date_gmt":"2014-03-10T11:00:27","guid":{"rendered":"https:\/\/ferrolan.es\/blog\/?p=503"},"modified":"2022-09-28T18:46:30","modified_gmt":"2022-09-28T16:46:30","slug":"presentamos-el-unico-frigorifico-de-integracion-de-2m-del-mercado-n49","status":"publish","type":"post","link":"https:\/\/ferrolan.es\/blog\/presentamos-el-unico-frigorifico-de-integracion-de-2m-del-mercado-n49\/","title":{"rendered":"Presentamos el frigor\u00edfico de integraci\u00f3n de 2m del mercado"},"content":{"rendered":"[vc_row type=\u00bbin_container\u00bb full_screen_row_position=\u00bbmiddle\u00bb column_margin=\u00bbdefault\u00bb column_direction=\u00bbdefault\u00bb column_direction_tablet=\u00bbdefault\u00bb column_direction_phone=\u00bbdefault\u00bb scene_position=\u00bbcenter\u00bb text_color=\u00bbdark\u00bb text_align=\u00bbleft\u00bb row_border_radius=\u00bbnone\u00bb row_border_radius_applies=\u00bbbg\u00bb overflow=\u00bbvisible\u00bb overlay_strength=\u00bb0.3&#8243; gradient_direction=\u00bbleft_to_right\u00bb shape_divider_position=\u00bbbottom\u00bb bg_image_animation=\u00bbnone\u00bb][vc_column column_padding=\u00bbno-extra-padding\u00bb column_padding_tablet=\u00bbinherit\u00bb column_padding_phone=\u00bbinherit\u00bb column_padding_position=\u00bball\u00bb column_element_spacing=\u00bbdefault\u00bb background_color_opacity=\u00bb1&#8243; background_hover_color_opacity=\u00bb1&#8243; column_shadow=\u00bbnone\u00bb column_border_radius=\u00bbnone\u00bb column_link_target=\u00bb_self\u00bb column_position=\u00bbdefault\u00bb gradient_direction=\u00bbleft_to_right\u00bb overlay_strength=\u00bb0.3&#8243; width=\u00bb1\/1&#8243; tablet_width_inherit=\u00bbdefault\u00bb tablet_text_alignment=\u00bbdefault\u00bb phone_text_alignment=\u00bbdefault\u00bb animation_type=\u00bbdefault\u00bb bg_image_animation=\u00bbnone\u00bb border_type=\u00bbsimple\u00bb column_border_width=\u00bbnone\u00bb column_border_style=\u00bbsolid\u00bb][vc_column_text]\n<p dir=\"ltr\">Cada vez m\u00e1s el espacio de cocina es un espacio abierto al resto del sal\u00f3n. Por ello, los electrodom\u00e9sticos integrados en el mobiliario est\u00e1n cogiendo mucho protagonismo en los \u00faltimos tiempos. Y es que a d\u00eda de hoy se puede integrar cualquier tipo de electrodom\u00e9stico: campanas, lavavajillas, frigor\u00edficos&#8230; Y es de este \u00faltimo del que te quiero hablar hoy.<\/p>\n<p><img decoding=\"async\" src=\"https:\/\/ferrolan.es\/blog\/wp-content\/uploads\/2014\/03\/frigorifico-nofrost-dos-2048x1195.jpg\" alt=\"frigor\u00edfico dos de whirpool\" \/><\/p>\n<p dir=\"ltr\">Los frigor\u00edficos integrados no solo se integran mejor en cualquier proyecto de interiorismo, sino que tambi\u00e9n vienen dotados de las mismas ventajas o m\u00e1s que los frigor\u00edficos tradicionales. Hoy te presentamos una propuesta del fabricante Whirlpool. Un combi de integraci\u00f3n de dos metros de altura con tecnolog\u00eda 6th sense fresh control.<\/p>\n<h2 dir=\"ltr\">Qu\u00e9 es la tecnolog\u00eda fresh control<\/h2>\n<p dir=\"ltr\">Fresh control permite conservar en condiciones ideales los alimentos para tenerlos frescos como el d\u00eda que los compraste. Su doble sensor monitoriza constantemente los niveles de temperatura y de humedad del interior del frigor\u00edfico. A trav\u00e9s del ventilador y el compresor los mantiene en su nivel \u00f3ptimo de conservaci\u00f3n. El sensor detecta el aumento de temperatura y env\u00eda una se\u00f1al al panel electr\u00f3nico que activa el compresor. La temperatura se restablece 5 veces m\u00e1s r\u00e1pido y mantiene un nivel \u00f3ptimo de humedad entre el 70-85 %.<\/p>\n<p><img decoding=\"async\" src=\"https:\/\/ferrolan.es\/blog\/wp-content\/uploads\/2014\/03\/frigorifico-nofrost.jpg\" alt=\"Frigor\u00edfico integrado de Whirpool\" \/><\/p>\n<h2>Otras ventajas de los frigor\u00edficos Whirlpool<\/h2>\n<p>La gran mayor\u00eda de frigor\u00edficos integrados de Whirlpool gozan de una clasificaci\u00f3n energ\u00e9tica A+, por lo que el ahorro a largo plazo ser\u00e1 mayor. Adem\u00e1s el congelador dispone de tecnolog\u00eda No Frost, por lo que no produce escarcha de hielo y no es necesaria la descongelaci\u00f3n manual. A continuaci\u00f3n te enumeramos muchas otras ventajas de la gama de frigor\u00edficos integrados de Whirlpool.<\/p>\n<ul>\n<li role=\"presentation\">Display Electr\u00f3nico<\/li>\n<li role=\"presentation\">Control electr\u00f3nico de temperatura<\/li>\n<li role=\"presentation\">Filtro de protecci\u00f3n anti-bacterias Microban<\/li>\n<li role=\"presentation\">Estantes de cristal templado anti-derrames<\/li>\n<li role=\"presentation\">Iluminaci\u00f3n interior led Starlight<\/li>\n<li role=\"presentation\">Botellero de acero inoxidable y separador de botellas<\/li>\n<li role=\"presentation\">Gran caj\u00f3n porta verduras transparente con divisor multifunci\u00f3n<\/li>\n<li role=\"presentation\">Funci\u00f3n s\u00faper congelaci\u00f3n<\/li>\n<li role=\"presentation\">Caj\u00f3n de congelaci\u00f3n r\u00e1pida<\/li>\n<li role=\"presentation\">Capacidad del frigo 238\/237 Litros<\/li>\n<li role=\"presentation\">Capacidad del congelador 78\/63 Litros<\/li>\n<li role=\"presentation\">Consumo energ\u00e9tico (kwh\/anual) 329 kwh<\/li>\n<li role=\"presentation\">Capacidad de congelaci\u00f3n (kg\/24 hrs) 9 Kg<\/li>\n<\/ul>\n<p>Ven a descubrir todas las posibilidades de Combis que podemos ofrecerte en cualquiera de <strong><a href=\"http:\/\/www.ferrolan.es\/tiendas\" target=\"_blank\" rel=\"noopener\">nuestras <\/a><\/strong><strong><a href=\"https:\/\/ferrolan.es\/content\/27-nuestras-tiendas\" target=\"_blank\" rel=\"noopener\">tiendas<\/a><\/strong>, estaremos encantados de ayudarte ante cualquier duda.[\/vc_column_text][\/vc_column][\/vc_row]\n","protected":false},"excerpt":{"rendered":"<p><img decoding=\"async\" src=\"https:\/\/ferrolan.es\/blog\/wp-content\/uploads\/content\/frigo-ppl.jpg\" loading=\"lazy\" alt=\"\"><br \/>\n                            <img decoding=\"async\" src=\"https:\/\/ferrolan.es\/blog\/wp-content\/uploads\/content\/frigo-1.jpg\" loading=\"lazy\" alt=\"\">                                <\/p>\n<p dir=\"ltr\" style=\"line-height: 1.38; background-color: #ffffff; margin-top: 0pt; margin-bottom: 0pt; padding: 0pt 0pt 18pt; text-align: justify;\">Whirlpool nos presenta su combi de integraci\u00f3n de 2m de altura, con su tecnolog\u00eda 6th sense fresh control nos permite mantener las condiciones ideales para conservar sus alimentos frescos como el d\u00eda que los compr\u00f3.<\/p>\n<p dir=\"ltr\" style=\"line-height: 1.38; background-color: #ffffff; margin-top: 0pt; margin-bottom: 0pt; padding: 0pt 0pt 18pt; text-align: justify;\">Su doble sensor monitoriza constantemente los niveles de temperatura y de humedad. A trav\u00e9s del ventilador y el compresor los mantiene en su nivel \u00f3ptimo de conservaci\u00f3n.<\/p>\n<p dir=\"ltr\" style=\"line-height: 1.38; background-color: #ffffff; margin-top: 0pt; margin-bottom: 0pt; padding: 0pt 0pt 18pt; text-align: justify;\">El sensor detecta el aumento de temperatura y env\u00eda una se\u00f1al al panel electr\u00f3nico que activa el compresor.<\/p>\n<p style=\"text-align: justify;\">La temperatura se restablece 5 veces m\u00e1s r\u00e1pido y mantiene un nivel \u00f3ptimo de humedad entre el 70-85 %.<\/p>\n<h2>Caracter\u00edsticas<\/h2>\n<\/p>\n<ul style=\"margin-top: 0; margin-bottom: 0; padding-inline-start: 48px;\">\n<li dir=\"ltr\" style=\"list-style-type: disc; font-size: 11.5pt; font-family: Montserrat,sans-serif; color: #000000; background-color: transparent; font-weight: 400; font-style: normal; font-variant: normal; text-decoration: none; vertical-align: baseline; white-space: pre;\" aria-level=\"1\">\n<p dir=\"ltr\" style=\"line-height: 1.38; text-align: justify; background-color: #ffffff; margin-top: 0pt; margin-bottom: 0pt;\" role=\"presentation\">Clasificaci\u00f3n energ\u00e9tica A+<\/p>\n<\/li>\n<li dir=\"ltr\" style=\"list-style-type: disc; font-size: 11.5pt; font-family: Montserrat,sans-serif; color: #000000; background-color: transparent; font-weight: 400; font-style: normal; font-variant: normal; text-decoration: none; vertical-align: baseline; white-space: pre;\" aria-level=\"1\">\n<p dir=\"ltr\" style=\"line-height: 1.38; text-align: justify; background-color: #ffffff; margin-top: 0pt; margin-bottom: 0pt;\" role=\"presentation\">Congelador No Frost<\/p>\n<\/li>\n<li dir=\"ltr\" style=\"list-style-type: disc; font-size: 11.5pt; font-family: Montserrat,sans-serif; color: #000000; background-color: transparent; font-weight: 400; font-style: normal; font-variant: normal; text-decoration: none; vertical-align: baseline; white-space: pre;\" aria-level=\"1\">\n<p dir=\"ltr\" style=\"line-height: 1.38; text-align: justify; background-color: #ffffff; margin-top: 0pt; margin-bottom: 0pt;\" role=\"presentation\">Display Electr\u00f3nico<\/p>\n<\/li>\n<li dir=\"ltr\" style=\"list-style-type: disc; font-size: 11.5pt; font-family: Montserrat,sans-serif; color: #000000; background-color: transparent; font-weight: 400; font-style: normal; font-variant: normal; text-decoration: none; vertical-align: baseline; white-space: pre;\" aria-level=\"1\">\n<p dir=\"ltr\" style=\"line-height: 1.38; text-align: justify; background-color: #ffffff; margin-top: 0pt; margin-bottom: 0pt;\" role=\"presentation\">Control electr\u00f3nico de temperatura<\/p>\n<\/li>\n<li dir=\"ltr\" style=\"list-style-type: disc; font-size: 11.5pt; font-family: Montserrat,sans-serif; color: #000000; background-color: transparent; font-weight: 400; font-style: normal; font-variant: normal; text-decoration: none; vertical-align: baseline; white-space: pre;\" aria-level=\"1\">\n<p dir=\"ltr\" style=\"line-height: 1.38; text-align: justify; background-color: #ffffff; margin-top: 0pt; margin-bottom: 0pt;\" role=\"presentation\">Filtro de protecci\u00f3n anti-bacterias Microban<\/p>\n<\/li>\n<li dir=\"ltr\" style=\"list-style-type: disc; font-size: 11.5pt; font-family: Montserrat,sans-serif; color: #000000; background-color: transparent; font-weight: 400; font-style: normal; font-variant: normal; text-decoration: none; vertical-align: baseline; white-space: pre;\" aria-level=\"1\">\n<p dir=\"ltr\" style=\"line-height: 1.38; text-align: justify; background-color: #ffffff; margin-top: 0pt; margin-bottom: 0pt;\" role=\"presentation\">Estantes de cristal templado anti-derrames<\/p>\n<\/li>\n<li dir=\"ltr\" style=\"list-style-type: disc; font-size: 11.5pt; font-family: Montserrat,sans-serif; color: #000000; background-color: transparent; font-weight: 400; font-style: normal; font-variant: normal; text-decoration: none; vertical-align: baseline; white-space: pre;\" aria-level=\"1\">\n<p dir=\"ltr\" style=\"line-height: 1.38; text-align: justify; background-color: #ffffff; margin-top: 0pt; margin-bottom: 0pt;\" role=\"presentation\">Iluminaci\u00f3n interior led Starlight<\/p>\n<\/li>\n<li dir=\"ltr\" style=\"list-style-type: disc; font-size: 11.5pt; font-family: Montserrat,sans-serif; color: #000000; background-color: transparent; font-weight: 400; font-style: normal; font-variant: normal; text-decoration: none; vertical-align: baseline; white-space: pre;\" aria-level=\"1\">\n<p dir=\"ltr\" style=\"line-height: 1.38; text-align: justify; background-color: #ffffff; margin-top: 0pt; margin-bottom: 0pt;\" role=\"presentation\">Botellero de acero inoxidable y separador de botellas<\/p>\n<\/li>\n<li dir=\"ltr\" style=\"list-style-type: disc; font-size: 11.5pt; font-family: Montserrat,sans-serif; color: #000000; background-color: transparent; font-weight: 400; font-style: normal; font-variant: normal; text-decoration: none; vertical-align: baseline; white-space: pre;\" aria-level=\"1\">\n<p dir=\"ltr\" style=\"line-height: 1.38; text-align: justify; background-color: #ffffff; margin-top: 0pt; margin-bottom: 0pt;\" role=\"presentation\">Gran caj\u00f3n porta verduras transparente con divisor multifunci\u00f3n<\/p>\n<\/li>\n<li dir=\"ltr\" style=\"list-style-type: disc; font-size: 11.5pt; font-family: Montserrat,sans-serif; color: #000000; background-color: transparent; font-weight: 400; font-style: normal; font-variant: normal; text-decoration: none; vertical-align: baseline; white-space: pre;\" aria-level=\"1\">\n<p dir=\"ltr\" style=\"line-height: 1.38; text-align: justify; background-color: #ffffff; margin-top: 0pt; margin-bottom: 0pt;\" role=\"presentation\">Funci\u00f3n s\u00faper congelaci\u00f3n<\/p>\n<\/li>\n<li dir=\"ltr\" style=\"list-style-type: disc; font-size: 11.5pt; font-family: Montserrat,sans-serif; color: #000000; background-color: transparent; font-weight: 400; font-style: normal; font-variant: normal; text-decoration: none; vertical-align: baseline; white-space: pre;\" aria-level=\"1\">\n<p dir=\"ltr\" style=\"line-height: 1.38; text-align: justify; background-color: #ffffff; margin-top: 0pt; margin-bottom: 0pt;\" role=\"presentation\">Caj\u00f3n de congelaci\u00f3n r\u00e1pida<\/p>\n<\/li>\n<li dir=\"ltr\" style=\"list-style-type: disc; font-size: 11.5pt; font-family: Montserrat,sans-serif; color: #000000; background-color: transparent; font-weight: 400; font-style: normal; font-variant: normal; text-decoration: none; vertical-align: baseline; white-space: pre;\" aria-level=\"1\">\n<p dir=\"ltr\" style=\"line-height: 1.38; text-align: justify; background-color: #ffffff; margin-top: 0pt; margin-bottom: 0pt;\" role=\"presentation\">Capacidad del frigo 238\/237 Litros<\/p>\n<\/li>\n<li dir=\"ltr\" style=\"list-style-type: disc; font-size: 11.5pt; font-family: Montserrat,sans-serif; color: #000000; background-color: transparent; font-weight: 400; font-style: normal; font-variant: normal; text-decoration: none; vertical-align: baseline; white-space: pre;\" aria-level=\"1\">\n<p dir=\"ltr\" style=\"line-height: 1.38; text-align: justify; background-color: #ffffff; margin-top: 0pt; margin-bottom: 0pt;\" role=\"presentation\">Capacidad del congelador 78\/63 Litros<\/p>\n<\/li>\n<li dir=\"ltr\" style=\"list-style-type: disc; font-size: 11.5pt; font-family: Montserrat,sans-serif; color: #000000; background-color: transparent; font-weight: 400; font-style: normal; font-variant: normal; text-decoration: none; vertical-align: baseline; white-space: pre;\" aria-level=\"1\">\n<p dir=\"ltr\" style=\"line-height: 1.38; text-align: justify; background-color: #ffffff; margin-top: 0pt; margin-bottom: 0pt;\" role=\"presentation\">Consumo energ\u00e9tico (kwh\/anual) 329 kwh<\/p>\n<\/li>\n<li dir=\"ltr\" style=\"list-style-type: disc; font-size: 11.5pt; font-family: Montserrat,sans-serif; color: #000000; background-color: transparent; font-weight: 400; font-style: normal; font-variant: normal; text-decoration: none; vertical-align: baseline; white-space: pre;\" aria-level=\"1\">\n<p dir=\"ltr\" style=\"line-height: 1.38; text-align: justify; background-color: #ffffff; margin-top: 0pt; margin-bottom: 0pt; padding: 0pt 0pt 18pt 0pt;\" role=\"presentation\">Capacidad de congelaci\u00f3n (kg\/24 hrs) 9 Kg<\/p>\n<\/li>\n<\/ul>\n<h2>Medidas<\/h2>\n<p>                            <img decoding=\"async\" src=\"https:\/\/ferrolan.es\/blog\/wp-content\/uploads\/content\/frigo-2.jpg\" loading=\"lazy\" alt=\"\">                                <\/p>\n<p>Ven a descubrir todas las posibilidades de Combis que podemos ofrecerte en cualquiera de <strong><a href=\"http:\/\/www.ferrolan.es\/tiendas\" target=\"_blank\" rel=\"noopener\">nuestras <\/a><\/strong><strong><a href=\"http:\/\/www.ferrolan.es\/tiendas\" target=\"_blank\" rel=\"noopener\">tiendas<\/a><\/strong>, estaremos encantados de ayudarte ante cualquier duda.<\/p>\n","protected":false},"author":2,"featured_media":504,"comment_status":"open","ping_status":"closed","sticky":false,"template":"","format":"standard","meta":{"footnotes":""},"categories":[1083,1086],"tags":[],"class_list":{"0":"post-503","1":"post","2":"type-post","3":"status-publish","4":"format-standard","5":"has-post-thumbnail","7":"category-cocinas","8":"category-inspiracion-e-ideas"},"yoast_head":"<!-- This site is optimized with the Yoast SEO plugin v20.7 - https:\/\/yoast.com\/wordpress\/plugins\/seo\/ -->\n<title>Presentamos el frigor\u00edfico de integraci\u00f3n de 2m del mercado - Ferrolan Blog<\/title>\n<meta name=\"robots\" content=\"index, follow, max-snippet:-1, max-image-preview:large, max-video-preview:-1\" \/>\n<link rel=\"canonical\" href=\"https:\/\/ferrolan.es\/blog\/presentamos-el-unico-frigorifico-de-integracion-de-2m-del-mercado-n49\/\" \/>\n<meta property=\"og:locale\" content=\"es_ES\" \/>\n<meta property=\"og:type\" content=\"article\" \/>\n<meta property=\"og:title\" content=\"Presentamos el frigor\u00edfico de integraci\u00f3n de 2m del mercado - Ferrolan Blog\" \/>\n<meta property=\"og:description\" content=\"Whirlpool nos presenta su combi de integraci\u00f3n de 2m de altura, con su tecnolog\u00eda 6th sense fresh control nos permite mantener las condiciones ideales para conservar sus alimentos frescos como el d\u00eda que los compr\u00f3.Su doble sensor monitoriza constantemente los niveles de temperatura y de humedad. A trav\u00e9s del ventilador y el compresor los mantiene en su nivel \u00f3ptimo de conservaci\u00f3n.El sensor detecta el aumento de temperatura y env\u00eda una se\u00f1al al panel electr\u00f3nico que activa el compresor.La temperatura se restablece 5 veces m\u00e1s r\u00e1pido y mantiene un nivel \u00f3ptimo de humedad entre el 70-85 %.         Caracter\u00edsticasClasificaci\u00f3n energ\u00e9tica A+Congelador No FrostDisplay Electr\u00f3nicoControl electr\u00f3nico de temperaturaFiltro de protecci\u00f3n anti-bacterias MicrobanEstantes de cristal templado anti-derramesIluminaci\u00f3n interior led StarlightBotellero de acero inoxidable y separador de botellasGran caj\u00f3n porta verduras transparente con divisor multifunci\u00f3nFunci\u00f3n s\u00faper congelaci\u00f3nCaj\u00f3n de congelaci\u00f3n r\u00e1pidaCapacidad del frigo 238\/237 LitrosCapacidad del congelador 78\/63 LitrosConsumo energ\u00e9tico (kwh\/anual) 329 kwhCapacidad de congelaci\u00f3n (kg\/24 hrs) 9 Kg         Medidas                                        Ven a descubrir todas las posibilidades de Combis que podemos ofrecerte en cualquiera de nuestras tiendas, estaremos encantados de ayudarte ante cualquier duda.\" \/>\n<meta property=\"og:url\" content=\"https:\/\/ferrolan.es\/blog\/presentamos-el-unico-frigorifico-de-integracion-de-2m-del-mercado-n49\/\" \/>\n<meta property=\"og:site_name\" content=\"Ferrolan Blog\" \/>\n<meta property=\"article:published_time\" content=\"2014-03-10T11:00:27+00:00\" \/>\n<meta property=\"article:modified_time\" content=\"2022-09-28T16:46:30+00:00\" \/>\n<meta property=\"og:image\" content=\"https:\/\/ferrolan.es\/blog\/wp-content\/uploads\/content\/frigo-ppl.jpg\" \/>\n\t<meta property=\"og:image:width\" content=\"1132\" \/>\n\t<meta property=\"og:image:height\" content=\"401\" \/>\n\t<meta property=\"og:image:type\" content=\"image\/jpeg\" \/>\n<meta name=\"author\" content=\"Ferrolan\" \/>\n<meta name=\"twitter:card\" content=\"summary_large_image\" \/>\n<meta name=\"twitter:label1\" content=\"Escrito por\" \/>\n\t<meta name=\"twitter:data1\" content=\"Ferrolan\" \/>\n\t<meta name=\"twitter:label2\" content=\"Tiempo de lectura\" \/>\n\t<meta name=\"twitter:data2\" content=\"2 minutos\" \/>\n<script type=\"application\/ld+json\" class=\"yoast-schema-graph\">{\"@context\":\"https:\/\/schema.org\",\"@graph\":[{\"@type\":\"WebPage\",\"@id\":\"https:\/\/ferrolan.es\/blog\/presentamos-el-unico-frigorifico-de-integracion-de-2m-del-mercado-n49\/\",\"url\":\"https:\/\/ferrolan.es\/blog\/presentamos-el-unico-frigorifico-de-integracion-de-2m-del-mercado-n49\/\",\"name\":\"Presentamos el frigor\u00edfico de integraci\u00f3n de 2m del mercado - Ferrolan Blog\",\"isPartOf\":{\"@id\":\"https:\/\/ferrolan.es\/blog\/#website\"},\"datePublished\":\"2014-03-10T11:00:27+00:00\",\"dateModified\":\"2022-09-28T16:46:30+00:00\",\"author\":{\"@id\":\"https:\/\/ferrolan.es\/blog\/#\/schema\/person\/5f821ed7b37d03887255cc1869b7bd54\"},\"breadcrumb\":{\"@id\":\"https:\/\/ferrolan.es\/blog\/presentamos-el-unico-frigorifico-de-integracion-de-2m-del-mercado-n49\/#breadcrumb\"},\"inLanguage\":\"es\",\"potentialAction\":[{\"@type\":\"ReadAction\",\"target\":[\"https:\/\/ferrolan.es\/blog\/presentamos-el-unico-frigorifico-de-integracion-de-2m-del-mercado-n49\/\"]}]},{\"@type\":\"BreadcrumbList\",\"@id\":\"https:\/\/ferrolan.es\/blog\/presentamos-el-unico-frigorifico-de-integracion-de-2m-del-mercado-n49\/#breadcrumb\",\"itemListElement\":[{\"@type\":\"ListItem\",\"position\":1,\"name\":\"Portada\",\"item\":\"https:\/\/ferrolan.es\/blog\/\"},{\"@type\":\"ListItem\",\"position\":2,\"name\":\"Presentamos el frigor\u00edfico de integraci\u00f3n de 2m del mercado\"}]},{\"@type\":\"WebSite\",\"@id\":\"https:\/\/ferrolan.es\/blog\/#website\",\"url\":\"https:\/\/ferrolan.es\/blog\/\",\"name\":\"Ferrolan Blog\",\"description\":\"\",\"potentialAction\":[{\"@type\":\"SearchAction\",\"target\":{\"@type\":\"EntryPoint\",\"urlTemplate\":\"https:\/\/ferrolan.es\/blog\/?s={search_term_string}\"},\"query-input\":\"required name=search_term_string\"}],\"inLanguage\":\"es\"},{\"@type\":\"Person\",\"@id\":\"https:\/\/ferrolan.es\/blog\/#\/schema\/person\/5f821ed7b37d03887255cc1869b7bd54\",\"name\":\"Ferrolan\",\"image\":{\"@type\":\"ImageObject\",\"inLanguage\":\"es\",\"@id\":\"https:\/\/ferrolan.es\/blog\/#\/schema\/person\/image\/\",\"url\":\"https:\/\/secure.gravatar.com\/avatar\/b149d5904395425b1d5615ad2b7afdd232b37e43a107dfe2e261cf16e3f852bb?s=96&d=mm&r=g\",\"contentUrl\":\"https:\/\/secure.gravatar.com\/avatar\/b149d5904395425b1d5615ad2b7afdd232b37e43a107dfe2e261cf16e3f852bb?s=96&d=mm&r=g\",\"caption\":\"Ferrolan\"}}]}<\/script>\n<!-- \/ Yoast SEO plugin. -->","yoast_head_json":{"title":"Presentamos el frigor\u00edfico de integraci\u00f3n de 2m del mercado - Ferrolan Blog","robots":{"index":"index","follow":"follow","max-snippet":"max-snippet:-1","max-image-preview":"max-image-preview:large","max-video-preview":"max-video-preview:-1"},"canonical":"https:\/\/ferrolan.es\/blog\/presentamos-el-unico-frigorifico-de-integracion-de-2m-del-mercado-n49\/","og_locale":"es_ES","og_type":"article","og_title":"Presentamos el frigor\u00edfico de integraci\u00f3n de 2m del mercado - Ferrolan Blog","og_description":"Whirlpool nos presenta su combi de integraci\u00f3n de 2m de altura, con su tecnolog\u00eda 6th sense fresh control nos permite mantener las condiciones ideales para conservar sus alimentos frescos como el d\u00eda que los compr\u00f3.Su doble sensor monitoriza constantemente los niveles de temperatura y de humedad. A trav\u00e9s del ventilador y el compresor los mantiene en su nivel \u00f3ptimo de conservaci\u00f3n.El sensor detecta el aumento de temperatura y env\u00eda una se\u00f1al al panel electr\u00f3nico que activa el compresor.La temperatura se restablece 5 veces m\u00e1s r\u00e1pido y mantiene un nivel \u00f3ptimo de humedad entre el 70-85 %.         Caracter\u00edsticasClasificaci\u00f3n energ\u00e9tica A+Congelador No FrostDisplay Electr\u00f3nicoControl electr\u00f3nico de temperaturaFiltro de protecci\u00f3n anti-bacterias MicrobanEstantes de cristal templado anti-derramesIluminaci\u00f3n interior led StarlightBotellero de acero inoxidable y separador de botellasGran caj\u00f3n porta verduras transparente con divisor multifunci\u00f3nFunci\u00f3n s\u00faper congelaci\u00f3nCaj\u00f3n de congelaci\u00f3n r\u00e1pidaCapacidad del frigo 238\/237 LitrosCapacidad del congelador 78\/63 LitrosConsumo energ\u00e9tico (kwh\/anual) 329 kwhCapacidad de congelaci\u00f3n (kg\/24 hrs) 9 Kg         Medidas                                        Ven a descubrir todas las posibilidades de Combis que podemos ofrecerte en cualquiera de nuestras tiendas, estaremos encantados de ayudarte ante cualquier duda.","og_url":"https:\/\/ferrolan.es\/blog\/presentamos-el-unico-frigorifico-de-integracion-de-2m-del-mercado-n49\/","og_site_name":"Ferrolan Blog","article_published_time":"2014-03-10T11:00:27+00:00","article_modified_time":"2022-09-28T16:46:30+00:00","og_image":[{"width":1132,"height":401,"url":"https:\/\/ferrolan.es\/blog\/wp-content\/uploads\/content\/frigo-ppl.jpg","type":"image\/jpeg"}],"author":"Ferrolan","twitter_card":"summary_large_image","twitter_misc":{"Escrito por":"Ferrolan","Tiempo de lectura":"2 minutos"},"schema":{"@context":"https:\/\/schema.org","@graph":[{"@type":"WebPage","@id":"https:\/\/ferrolan.es\/blog\/presentamos-el-unico-frigorifico-de-integracion-de-2m-del-mercado-n49\/","url":"https:\/\/ferrolan.es\/blog\/presentamos-el-unico-frigorifico-de-integracion-de-2m-del-mercado-n49\/","name":"Presentamos el frigor\u00edfico de integraci\u00f3n de 2m del mercado - Ferrolan Blog","isPartOf":{"@id":"https:\/\/ferrolan.es\/blog\/#website"},"datePublished":"2014-03-10T11:00:27+00:00","dateModified":"2022-09-28T16:46:30+00:00","author":{"@id":"https:\/\/ferrolan.es\/blog\/#\/schema\/person\/5f821ed7b37d03887255cc1869b7bd54"},"breadcrumb":{"@id":"https:\/\/ferrolan.es\/blog\/presentamos-el-unico-frigorifico-de-integracion-de-2m-del-mercado-n49\/#breadcrumb"},"inLanguage":"es","potentialAction":[{"@type":"ReadAction","target":["https:\/\/ferrolan.es\/blog\/presentamos-el-unico-frigorifico-de-integracion-de-2m-del-mercado-n49\/"]}]},{"@type":"BreadcrumbList","@id":"https:\/\/ferrolan.es\/blog\/presentamos-el-unico-frigorifico-de-integracion-de-2m-del-mercado-n49\/#breadcrumb","itemListElement":[{"@type":"ListItem","position":1,"name":"Portada","item":"https:\/\/ferrolan.es\/blog\/"},{"@type":"ListItem","position":2,"name":"Presentamos el frigor\u00edfico de integraci\u00f3n de 2m del mercado"}]},{"@type":"WebSite","@id":"https:\/\/ferrolan.es\/blog\/#website","url":"https:\/\/ferrolan.es\/blog\/","name":"Ferrolan Blog","description":"","potentialAction":[{"@type":"SearchAction","target":{"@type":"EntryPoint","urlTemplate":"https:\/\/ferrolan.es\/blog\/?s={search_term_string}"},"query-input":"required name=search_term_string"}],"inLanguage":"es"},{"@type":"Person","@id":"https:\/\/ferrolan.es\/blog\/#\/schema\/person\/5f821ed7b37d03887255cc1869b7bd54","name":"Ferrolan","image":{"@type":"ImageObject","inLanguage":"es","@id":"https:\/\/ferrolan.es\/blog\/#\/schema\/person\/image\/","url":"https:\/\/secure.gravatar.com\/avatar\/b149d5904395425b1d5615ad2b7afdd232b37e43a107dfe2e261cf16e3f852bb?s=96&d=mm&r=g","contentUrl":"https:\/\/secure.gravatar.com\/avatar\/b149d5904395425b1d5615ad2b7afdd232b37e43a107dfe2e261cf16e3f852bb?s=96&d=mm&r=g","caption":"Ferrolan"}}]}},"_links":{"self":[{"href":"https:\/\/ferrolan.es\/blog\/wp-json\/wp\/v2\/posts\/503","targetHints":{"allow":["GET"]}}],"collection":[{"href":"https:\/\/ferrolan.es\/blog\/wp-json\/wp\/v2\/posts"}],"about":[{"href":"https:\/\/ferrolan.es\/blog\/wp-json\/wp\/v2\/types\/post"}],"author":[{"embeddable":true,"href":"https:\/\/ferrolan.es\/blog\/wp-json\/wp\/v2\/users\/2"}],"replies":[{"embeddable":true,"href":"https:\/\/ferrolan.es\/blog\/wp-json\/wp\/v2\/comments?post=503"}],"version-history":[{"count":11,"href":"https:\/\/ferrolan.es\/blog\/wp-json\/wp\/v2\/posts\/503\/revisions"}],"predecessor-version":[{"id":4518,"href":"https:\/\/ferrolan.es\/blog\/wp-json\/wp\/v2\/posts\/503\/revisions\/4518"}],"wp:featuredmedia":[{"embeddable":true,"href":"https:\/\/ferrolan.es\/blog\/wp-json\/wp\/v2\/media\/504"}],"wp:attachment":[{"href":"https:\/\/ferrolan.es\/blog\/wp-json\/wp\/v2\/media?parent=503"}],"wp:term":[{"taxonomy":"category","embeddable":true,"href":"https:\/\/ferrolan.es\/blog\/wp-json\/wp\/v2\/categories?post=503"},{"taxonomy":"post_tag","embeddable":true,"href":"https:\/\/ferrolan.es\/blog\/wp-json\/wp\/v2\/tags?post=503"}],"curies":[{"name":"wp","href":"https:\/\/api.w.org\/{rel}","templated":true}]}}