{"id":6095,"date":"2022-12-14T18:02:52","date_gmt":"2022-12-14T17:02:52","guid":{"rendered":"https:\/\/ferrolan.es\/blog\/?p=6095"},"modified":"2022-12-15T10:38:54","modified_gmt":"2022-12-15T09:38:54","slug":"reportaje-baldosas-de-gran-formato-la-ceramica-xxl","status":"publish","type":"post","link":"https:\/\/ferrolan.es\/blog\/reportaje-baldosas-de-gran-formato-la-ceramica-xxl\/","title":{"rendered":"Reportaje: Baldosas de gran formato, la cer\u00e1mica XXL"},"content":{"rendered":"[vc_row type=\u00bbin_container\u00bb full_screen_row_position=\u00bbmiddle\u00bb column_margin=\u00bbdefault\u00bb column_direction=\u00bbdefault\u00bb column_direction_tablet=\u00bbdefault\u00bb column_direction_phone=\u00bbdefault\u00bb scene_position=\u00bbcenter\u00bb text_color=\u00bbdark\u00bb text_align=\u00bbleft\u00bb row_border_radius=\u00bbnone\u00bb row_border_radius_applies=\u00bbbg\u00bb overflow=\u00bbvisible\u00bb overlay_strength=\u00bb0.3&#8243; gradient_direction=\u00bbleft_to_right\u00bb shape_divider_position=\u00bbbottom\u00bb bg_image_animation=\u00bbnone\u00bb][vc_column column_padding=\u00bbno-extra-padding\u00bb column_padding_tablet=\u00bbinherit\u00bb column_padding_phone=\u00bbinherit\u00bb column_padding_position=\u00bball\u00bb column_element_spacing=\u00bbdefault\u00bb background_color_opacity=\u00bb1&#8243; background_hover_color_opacity=\u00bb1&#8243; column_shadow=\u00bbnone\u00bb column_border_radius=\u00bbnone\u00bb column_link_target=\u00bb_self\u00bb column_position=\u00bbdefault\u00bb gradient_direction=\u00bbleft_to_right\u00bb overlay_strength=\u00bb0.3&#8243; width=\u00bb1\/1&#8243; tablet_width_inherit=\u00bbdefault\u00bb tablet_text_alignment=\u00bbdefault\u00bb phone_text_alignment=\u00bbdefault\u00bb animation_type=\u00bbdefault\u00bb bg_image_animation=\u00bbnone\u00bb border_type=\u00bbsimple\u00bb column_border_width=\u00bbnone\u00bb column_border_style=\u00bbsolid\u00bb][vc_column_text]Esta semana hemos recibido la visita del equipo de <strong>tureforma.org<\/strong>, que nos ha acompa\u00f1ado durante toda una ma\u00f1ana para conocer nuestras instalaciones, nuestra manera de trabajar y para mostrar las diferentes soluciones que ofrecemos para la reforma y la construcci\u00f3n, especialmente las \u00faltimas novedades en <strong>baldosas de gran formato<\/strong>. En este art\u00edculo te contamos m\u00e1s sobre nosotros, y te invitamos a concertar una visita para que conozcas de primera mano las \u00faltimas novedades.[\/vc_column_text][vc_video link=\u00bbhttps:\/\/youtu.be\/FkeeLs3VdHY\u00bb][\/vc_column][\/vc_row][vc_row type=\u00bbin_container\u00bb full_screen_row_position=\u00bbmiddle\u00bb column_margin=\u00bbdefault\u00bb column_direction=\u00bbdefault\u00bb column_direction_tablet=\u00bbdefault\u00bb column_direction_phone=\u00bbdefault\u00bb scene_position=\u00bbcenter\u00bb text_color=\u00bbdark\u00bb text_align=\u00bbleft\u00bb row_border_radius=\u00bbnone\u00bb row_border_radius_applies=\u00bbbg\u00bb overflow=\u00bbvisible\u00bb overlay_strength=\u00bb0.3&#8243; gradient_direction=\u00bbleft_to_right\u00bb shape_divider_position=\u00bbbottom\u00bb bg_image_animation=\u00bbnone\u00bb][vc_column column_padding=\u00bbno-extra-padding\u00bb column_padding_tablet=\u00bbinherit\u00bb column_padding_phone=\u00bbinherit\u00bb column_padding_position=\u00bball\u00bb column_element_spacing=\u00bbdefault\u00bb background_color_opacity=\u00bb1&#8243; background_hover_color_opacity=\u00bb1&#8243; column_shadow=\u00bbnone\u00bb column_border_radius=\u00bbnone\u00bb column_link_target=\u00bb_self\u00bb column_position=\u00bbdefault\u00bb gradient_direction=\u00bbleft_to_right\u00bb overlay_strength=\u00bb0.3&#8243; width=\u00bb1\/1&#8243; tablet_width_inherit=\u00bbdefault\u00bb tablet_text_alignment=\u00bbdefault\u00bb phone_text_alignment=\u00bbdefault\u00bb animation_type=\u00bbdefault\u00bb bg_image_animation=\u00bbnone\u00bb border_type=\u00bbsimple\u00bb column_border_width=\u00bbnone\u00bb column_border_style=\u00bbsolid\u00bb][vc_column_text]\n<h2>Espacio dedicado a la cer\u00e1mica de gran formato<\/h2>\n<p>La cer\u00e1mica es nuestra pasi\u00f3n, forma parte de la esencia de nuestra empresa y de nuestra manera de entender la creaci\u00f3n de espacios. Por ello, disponemos de la mayor gama de cer\u00e1mica del mercado y de una gran selecci\u00f3n en <strong>baldosas de gran formato<\/strong>, ampliamente representada en nuestra exposici\u00f3n.<\/p>\n<p>Cada uno de nuestros puntos de venta cuentan con espacios dedicados exclusivamente a las baldosas de gran formato o l\u00e1minas XXL, mientras que en la secci\u00f3n de construcci\u00f3n encontrar\u00e1s todo lo relacionado con su colocaci\u00f3n: herramientas de corte, sistemas de colocaci\u00f3n y nivelaci\u00f3n, o carros de transporte, entre muchos otros recursos.[\/vc_column_text][image_with_animation image_url=\u00bb6104&#8243; image_size=\u00bbfull\u00bb animation_type=\u00bbentrance\u00bb animation=\u00bbNone\u00bb hover_animation=\u00bbnone\u00bb alignment=\u00bb\u00bb border_radius=\u00bbnone\u00bb box_shadow=\u00bbnone\u00bb image_loading=\u00bbdefault\u00bb max_width=\u00bb100%\u00bb max_width_mobile=\u00bbdefault\u00bb][vc_column_text]Para orientarte en las \u00faltimas tendencias de dise\u00f1o y en las t\u00e9cnicas m\u00e1s innovadoras de colocaci\u00f3n contamos con un departamento comercial en continua formaci\u00f3n y amplios espacios que muestran las \u00faltimas novedades del mercado. Adem\u00e1s, brindamos a nuestros clientes formaciones de capacitaci\u00f3n continuadas en todo tipo de herramientas, sistemas de colocaci\u00f3n y adhesivos especiales.[\/vc_column_text][\/vc_column][\/vc_row][vc_row type=\u00bbin_container\u00bb full_screen_row_position=\u00bbmiddle\u00bb column_margin=\u00bbdefault\u00bb column_direction=\u00bbdefault\u00bb column_direction_tablet=\u00bbdefault\u00bb column_direction_phone=\u00bbdefault\u00bb scene_position=\u00bbcenter\u00bb text_color=\u00bbdark\u00bb text_align=\u00bbleft\u00bb row_border_radius=\u00bbnone\u00bb row_border_radius_applies=\u00bbbg\u00bb overflow=\u00bbvisible\u00bb overlay_strength=\u00bb0.3&#8243; gradient_direction=\u00bbleft_to_right\u00bb shape_divider_position=\u00bbbottom\u00bb bg_image_animation=\u00bbnone\u00bb][vc_column column_padding=\u00bbno-extra-padding\u00bb column_padding_tablet=\u00bbinherit\u00bb column_padding_phone=\u00bbinherit\u00bb column_padding_position=\u00bball\u00bb column_element_spacing=\u00bbdefault\u00bb background_color_opacity=\u00bb1&#8243; background_hover_color_opacity=\u00bb1&#8243; column_shadow=\u00bbnone\u00bb column_border_radius=\u00bbnone\u00bb column_link_target=\u00bb_self\u00bb column_position=\u00bbdefault\u00bb gradient_direction=\u00bbleft_to_right\u00bb overlay_strength=\u00bb0.3&#8243; width=\u00bb1\/1&#8243; tablet_width_inherit=\u00bbdefault\u00bb tablet_text_alignment=\u00bbdefault\u00bb phone_text_alignment=\u00bbdefault\u00bb animation_type=\u00bbdefault\u00bb bg_image_animation=\u00bbnone\u00bb border_type=\u00bbsimple\u00bb column_border_width=\u00bbnone\u00bb column_border_style=\u00bbsolid\u00bb][vc_column_text]\n<h2>Grandes espacios dise\u00f1ados para el cliente<\/h2>\n<p>En nuestros centros encontrar\u00e1s un mundo de posibilidades para dar vida a tus ideas. Nuestras instalaciones han sido cuidadosamente dise\u00f1adas para ofrecerte la mejor experiencia de compra posible, desde una planificada concepci\u00f3n del espacio y la iluminaci\u00f3n, hasta una cuidada selecci\u00f3n de productos rica en calidad y variedad: <strong>disponemos de m\u00e1s de 500 tipos de baldosas en stock.<\/strong><\/p>\n<p>En la secci\u00f3n de acabados nuestra exposici\u00f3n es inspiracional y personalizada. Aqu\u00ed puedes descubrir las \u00faltimas tendencias para el espacio de ba\u00f1o, elegir entre los mejores suelos o disfrutar de un espacio donde planificar hasta el \u00faltimo detalle de tu cocina.<\/p>\n<p>En la secci\u00f3n de construcci\u00f3n y ferreter\u00eda nuestros productos est\u00e1n organizados por categor\u00edas, para facilitar su b\u00fasqueda y agilizar el proceso de compra. En la misma l\u00ednea, y para acelerar la carga disponemos de personal cualificado que te ayudar\u00e1 a cargar el material de la manera m\u00e1s r\u00e1pida posible y camiones con gr\u00faa para transportar el material a pie de obra.[\/vc_column_text][image_with_animation image_url=\u00bb6100&#8243; image_size=\u00bbfull\u00bb animation_type=\u00bbentrance\u00bb animation=\u00bbNone\u00bb hover_animation=\u00bbnone\u00bb alignment=\u00bb\u00bb border_radius=\u00bbnone\u00bb box_shadow=\u00bbnone\u00bb image_loading=\u00bbdefault\u00bb max_width=\u00bb100%\u00bb max_width_mobile=\u00bbdefault\u00bb][\/vc_column][\/vc_row][vc_row type=\u00bbin_container\u00bb full_screen_row_position=\u00bbmiddle\u00bb column_margin=\u00bbdefault\u00bb column_direction=\u00bbdefault\u00bb column_direction_tablet=\u00bbdefault\u00bb column_direction_phone=\u00bbdefault\u00bb scene_position=\u00bbcenter\u00bb text_color=\u00bbdark\u00bb text_align=\u00bbleft\u00bb row_border_radius=\u00bbnone\u00bb row_border_radius_applies=\u00bbbg\u00bb overflow=\u00bbvisible\u00bb overlay_strength=\u00bb0.3&#8243; gradient_direction=\u00bbleft_to_right\u00bb shape_divider_position=\u00bbbottom\u00bb bg_image_animation=\u00bbnone\u00bb][vc_column column_padding=\u00bbno-extra-padding\u00bb column_padding_tablet=\u00bbinherit\u00bb column_padding_phone=\u00bbinherit\u00bb column_padding_position=\u00bball\u00bb column_element_spacing=\u00bbdefault\u00bb background_color_opacity=\u00bb1&#8243; background_hover_color_opacity=\u00bb1&#8243; column_shadow=\u00bbnone\u00bb column_border_radius=\u00bbnone\u00bb column_link_target=\u00bb_self\u00bb column_position=\u00bbdefault\u00bb gradient_direction=\u00bbleft_to_right\u00bb overlay_strength=\u00bb0.3&#8243; width=\u00bb1\/1&#8243; tablet_width_inherit=\u00bbdefault\u00bb tablet_text_alignment=\u00bbdefault\u00bb phone_text_alignment=\u00bbdefault\u00bb animation_type=\u00bbdefault\u00bb bg_image_animation=\u00bbnone\u00bb border_type=\u00bbsimple\u00bb column_border_width=\u00bbnone\u00bb column_border_style=\u00bbsolid\u00bb][vc_column_text]\n<h2>Asesoramiento experto<\/h2>\n<p>Nuestras instalaciones son las de una gran superficie, pero <strong>nuestra atenci\u00f3n ha permanecido c\u00e1lida y familiar<\/strong> al paso de los a\u00f1os. Hemos mantenido la esencia que nos ha caracterizado desde nuestros or\u00edgenes, porqu\u00e9 queremos seguir ofreciendo una atenci\u00f3n experta y personalizada para cada cliente.[\/vc_column_text][image_with_animation image_url=\u00bb6102&#8243; image_size=\u00bbfull\u00bb animation_type=\u00bbentrance\u00bb animation=\u00bbNone\u00bb hover_animation=\u00bbnone\u00bb alignment=\u00bb\u00bb border_radius=\u00bbnone\u00bb box_shadow=\u00bbnone\u00bb image_loading=\u00bbdefault\u00bb max_width=\u00bb100%\u00bb max_width_mobile=\u00bbdefault\u00bb][vc_column_text]Por eso, un \u00fanico profesional te acompa\u00f1ar\u00e1 durante todo el proceso de compra, desde la elecci\u00f3n de los diferentes materiales hasta la finalizaci\u00f3n del proyecto. Con su apoyo, podr\u00e1s tomar decisiones respaldadas en el conocimiento y la experiencia, combinando los materiales m\u00e1s innovadores y convirtiendo tus ideas en proyectos reales. Si quieres concertar una visita puedes visitar cualquier de<strong><a href=\"https:\/\/ferrolan.es\/content\/nuestras-tiendas\"> nuestras tiendas<\/a><\/strong> o escribirnos un correo electr\u00f3nico a <strong><a href=\"mailto:online@ferrolan.com\">online@ferrolan.com<\/a><\/strong>[\/vc_column_text][\/vc_column][\/vc_row]\n","protected":false},"excerpt":{"rendered":"<p>[vc_row type=\u00bbin_container\u00bb full_screen_row_position=\u00bbmiddle\u00bb column_margin=\u00bbdefault\u00bb column_direction=\u00bbdefault\u00bb column_direction_tablet=\u00bbdefault\u00bb column_direction_phone=\u00bbdefault\u00bb scene_position=\u00bbcenter\u00bb text_color=\u00bbdark\u00bb text_align=\u00bbleft\u00bb row_border_radius=\u00bbnone\u00bb row_border_radius_applies=\u00bbbg\u00bb overflow=\u00bbvisible\u00bb overlay_strength=\u00bb0.3&#8243; gradient_direction=\u00bbleft_to_right\u00bb shape_divider_position=\u00bbbottom\u00bb bg_image_animation=\u00bbnone\u00bb][vc_column column_padding=\u00bbno-extra-padding\u00bb column_padding_tablet=\u00bbinherit\u00bb column_padding_phone=\u00bbinherit\u00bb column_padding_position=\u00bball\u00bb column_element_spacing=\u00bbdefault\u00bb background_color_opacity=\u00bb1&#8243; background_hover_color_opacity=\u00bb1&#8243; column_shadow=\u00bbnone\u00bb column_border_radius=\u00bbnone\u00bb column_link_target=\u00bb_self\u00bb column_position=\u00bbdefault\u00bb gradient_direction=\u00bbleft_to_right\u00bb overlay_strength=\u00bb0.3&#8243;&#8230;<\/p>\n","protected":false},"author":2,"featured_media":6110,"comment_status":"open","ping_status":"open","sticky":false,"template":"","format":"standard","meta":{"footnotes":""},"categories":[1091,1088],"tags":[],"class_list":{"0":"post-6095","1":"post","2":"type-post","3":"status-publish","4":"format-standard","5":"has-post-thumbnail","7":"category-eventos","8":"category-noticias"},"yoast_head":"<!-- This site is optimized with the Yoast SEO plugin v20.7 - https:\/\/yoast.com\/wordpress\/plugins\/seo\/ -->\n<title>Reportaje: Baldosas de gran formato, la cer\u00e1mica XXL - Ferrolan Blog<\/title>\n<meta name=\"description\" content=\"Os mostramos nuestra exposici\u00f3n de Santa Coloma de Gramenet y las \u00faltimas tendencias en cer\u00e1mica de gran formato.\" \/>\n<meta name=\"robots\" content=\"index, follow, max-snippet:-1, max-image-preview:large, max-video-preview:-1\" \/>\n<link rel=\"canonical\" href=\"https:\/\/ferrolan.es\/blog\/reportaje-baldosas-de-gran-formato-la-ceramica-xxl\/\" \/>\n<meta property=\"og:locale\" content=\"es_ES\" \/>\n<meta property=\"og:type\" content=\"article\" \/>\n<meta property=\"og:title\" content=\"Reportaje: Baldosas de gran formato, la cer\u00e1mica XXL - Ferrolan Blog\" \/>\n<meta property=\"og:description\" content=\"Os mostramos nuestra exposici\u00f3n de Santa Coloma de Gramenet y las \u00faltimas tendencias en cer\u00e1mica de gran formato.\" \/>\n<meta property=\"og:url\" content=\"https:\/\/ferrolan.es\/blog\/reportaje-baldosas-de-gran-formato-la-ceramica-xxl\/\" \/>\n<meta property=\"og:site_name\" content=\"Ferrolan Blog\" \/>\n<meta property=\"article:published_time\" content=\"2022-12-14T17:02:52+00:00\" \/>\n<meta property=\"article:modified_time\" content=\"2022-12-15T09:38:54+00:00\" \/>\n<meta property=\"og:image\" content=\"https:\/\/ferrolan.es\/blog\/wp-content\/uploads\/2022\/12\/STA-COLOMA-11.jpg\" \/>\n\t<meta property=\"og:image:width\" content=\"1200\" \/>\n\t<meta property=\"og:image:height\" content=\"800\" \/>\n\t<meta property=\"og:image:type\" content=\"image\/jpeg\" \/>\n<meta name=\"author\" content=\"Ferrolan\" \/>\n<meta name=\"twitter:card\" content=\"summary_large_image\" \/>\n<meta name=\"twitter:label1\" content=\"Escrito por\" \/>\n\t<meta name=\"twitter:data1\" content=\"Ferrolan\" \/>\n\t<meta name=\"twitter:label2\" content=\"Tiempo de lectura\" \/>\n\t<meta name=\"twitter:data2\" content=\"4 minutos\" \/>\n<script type=\"application\/ld+json\" class=\"yoast-schema-graph\">{\"@context\":\"https:\/\/schema.org\",\"@graph\":[{\"@type\":\"WebPage\",\"@id\":\"https:\/\/ferrolan.es\/blog\/reportaje-baldosas-de-gran-formato-la-ceramica-xxl\/\",\"url\":\"https:\/\/ferrolan.es\/blog\/reportaje-baldosas-de-gran-formato-la-ceramica-xxl\/\",\"name\":\"Reportaje: Baldosas de gran formato, la cer\u00e1mica XXL - Ferrolan Blog\",\"isPartOf\":{\"@id\":\"https:\/\/ferrolan.es\/blog\/#website\"},\"datePublished\":\"2022-12-14T17:02:52+00:00\",\"dateModified\":\"2022-12-15T09:38:54+00:00\",\"author\":{\"@id\":\"https:\/\/ferrolan.es\/blog\/#\/schema\/person\/5f821ed7b37d03887255cc1869b7bd54\"},\"description\":\"Os mostramos nuestra exposici\u00f3n de Santa Coloma de Gramenet y las \u00faltimas tendencias en cer\u00e1mica de gran formato.\",\"breadcrumb\":{\"@id\":\"https:\/\/ferrolan.es\/blog\/reportaje-baldosas-de-gran-formato-la-ceramica-xxl\/#breadcrumb\"},\"inLanguage\":\"es\",\"potentialAction\":[{\"@type\":\"ReadAction\",\"target\":[\"https:\/\/ferrolan.es\/blog\/reportaje-baldosas-de-gran-formato-la-ceramica-xxl\/\"]}]},{\"@type\":\"BreadcrumbList\",\"@id\":\"https:\/\/ferrolan.es\/blog\/reportaje-baldosas-de-gran-formato-la-ceramica-xxl\/#breadcrumb\",\"itemListElement\":[{\"@type\":\"ListItem\",\"position\":1,\"name\":\"Portada\",\"item\":\"https:\/\/ferrolan.es\/blog\/\"},{\"@type\":\"ListItem\",\"position\":2,\"name\":\"Reportaje: Baldosas de gran formato, la cer\u00e1mica XXL\"}]},{\"@type\":\"WebSite\",\"@id\":\"https:\/\/ferrolan.es\/blog\/#website\",\"url\":\"https:\/\/ferrolan.es\/blog\/\",\"name\":\"Ferrolan Blog\",\"description\":\"\",\"potentialAction\":[{\"@type\":\"SearchAction\",\"target\":{\"@type\":\"EntryPoint\",\"urlTemplate\":\"https:\/\/ferrolan.es\/blog\/?s={search_term_string}\"},\"query-input\":\"required name=search_term_string\"}],\"inLanguage\":\"es\"},{\"@type\":\"Person\",\"@id\":\"https:\/\/ferrolan.es\/blog\/#\/schema\/person\/5f821ed7b37d03887255cc1869b7bd54\",\"name\":\"Ferrolan\",\"image\":{\"@type\":\"ImageObject\",\"inLanguage\":\"es\",\"@id\":\"https:\/\/ferrolan.es\/blog\/#\/schema\/person\/image\/\",\"url\":\"https:\/\/secure.gravatar.com\/avatar\/b149d5904395425b1d5615ad2b7afdd232b37e43a107dfe2e261cf16e3f852bb?s=96&d=mm&r=g\",\"contentUrl\":\"https:\/\/secure.gravatar.com\/avatar\/b149d5904395425b1d5615ad2b7afdd232b37e43a107dfe2e261cf16e3f852bb?s=96&d=mm&r=g\",\"caption\":\"Ferrolan\"}}]}<\/script>\n<!-- \/ Yoast SEO plugin. -->","yoast_head_json":{"title":"Reportaje: Baldosas de gran formato, la cer\u00e1mica XXL - Ferrolan Blog","description":"Os mostramos nuestra exposici\u00f3n de Santa Coloma de Gramenet y las \u00faltimas tendencias en cer\u00e1mica de gran formato.","robots":{"index":"index","follow":"follow","max-snippet":"max-snippet:-1","max-image-preview":"max-image-preview:large","max-video-preview":"max-video-preview:-1"},"canonical":"https:\/\/ferrolan.es\/blog\/reportaje-baldosas-de-gran-formato-la-ceramica-xxl\/","og_locale":"es_ES","og_type":"article","og_title":"Reportaje: Baldosas de gran formato, la cer\u00e1mica XXL - Ferrolan Blog","og_description":"Os mostramos nuestra exposici\u00f3n de Santa Coloma de Gramenet y las \u00faltimas tendencias en cer\u00e1mica de gran formato.","og_url":"https:\/\/ferrolan.es\/blog\/reportaje-baldosas-de-gran-formato-la-ceramica-xxl\/","og_site_name":"Ferrolan Blog","article_published_time":"2022-12-14T17:02:52+00:00","article_modified_time":"2022-12-15T09:38:54+00:00","og_image":[{"width":1200,"height":800,"url":"https:\/\/ferrolan.es\/blog\/wp-content\/uploads\/2022\/12\/STA-COLOMA-11.jpg","type":"image\/jpeg"}],"author":"Ferrolan","twitter_card":"summary_large_image","twitter_misc":{"Escrito por":"Ferrolan","Tiempo de lectura":"4 minutos"},"schema":{"@context":"https:\/\/schema.org","@graph":[{"@type":"WebPage","@id":"https:\/\/ferrolan.es\/blog\/reportaje-baldosas-de-gran-formato-la-ceramica-xxl\/","url":"https:\/\/ferrolan.es\/blog\/reportaje-baldosas-de-gran-formato-la-ceramica-xxl\/","name":"Reportaje: Baldosas de gran formato, la cer\u00e1mica XXL - Ferrolan Blog","isPartOf":{"@id":"https:\/\/ferrolan.es\/blog\/#website"},"datePublished":"2022-12-14T17:02:52+00:00","dateModified":"2022-12-15T09:38:54+00:00","author":{"@id":"https:\/\/ferrolan.es\/blog\/#\/schema\/person\/5f821ed7b37d03887255cc1869b7bd54"},"description":"Os mostramos nuestra exposici\u00f3n de Santa Coloma de Gramenet y las \u00faltimas tendencias en cer\u00e1mica de gran formato.","breadcrumb":{"@id":"https:\/\/ferrolan.es\/blog\/reportaje-baldosas-de-gran-formato-la-ceramica-xxl\/#breadcrumb"},"inLanguage":"es","potentialAction":[{"@type":"ReadAction","target":["https:\/\/ferrolan.es\/blog\/reportaje-baldosas-de-gran-formato-la-ceramica-xxl\/"]}]},{"@type":"BreadcrumbList","@id":"https:\/\/ferrolan.es\/blog\/reportaje-baldosas-de-gran-formato-la-ceramica-xxl\/#breadcrumb","itemListElement":[{"@type":"ListItem","position":1,"name":"Portada","item":"https:\/\/ferrolan.es\/blog\/"},{"@type":"ListItem","position":2,"name":"Reportaje: Baldosas de gran formato, la cer\u00e1mica XXL"}]},{"@type":"WebSite","@id":"https:\/\/ferrolan.es\/blog\/#website","url":"https:\/\/ferrolan.es\/blog\/","name":"Ferrolan Blog","description":"","potentialAction":[{"@type":"SearchAction","target":{"@type":"EntryPoint","urlTemplate":"https:\/\/ferrolan.es\/blog\/?s={search_term_string}"},"query-input":"required name=search_term_string"}],"inLanguage":"es"},{"@type":"Person","@id":"https:\/\/ferrolan.es\/blog\/#\/schema\/person\/5f821ed7b37d03887255cc1869b7bd54","name":"Ferrolan","image":{"@type":"ImageObject","inLanguage":"es","@id":"https:\/\/ferrolan.es\/blog\/#\/schema\/person\/image\/","url":"https:\/\/secure.gravatar.com\/avatar\/b149d5904395425b1d5615ad2b7afdd232b37e43a107dfe2e261cf16e3f852bb?s=96&d=mm&r=g","contentUrl":"https:\/\/secure.gravatar.com\/avatar\/b149d5904395425b1d5615ad2b7afdd232b37e43a107dfe2e261cf16e3f852bb?s=96&d=mm&r=g","caption":"Ferrolan"}}]}},"_links":{"self":[{"href":"https:\/\/ferrolan.es\/blog\/wp-json\/wp\/v2\/posts\/6095","targetHints":{"allow":["GET"]}}],"collection":[{"href":"https:\/\/ferrolan.es\/blog\/wp-json\/wp\/v2\/posts"}],"about":[{"href":"https:\/\/ferrolan.es\/blog\/wp-json\/wp\/v2\/types\/post"}],"author":[{"embeddable":true,"href":"https:\/\/ferrolan.es\/blog\/wp-json\/wp\/v2\/users\/2"}],"replies":[{"embeddable":true,"href":"https:\/\/ferrolan.es\/blog\/wp-json\/wp\/v2\/comments?post=6095"}],"version-history":[{"count":11,"href":"https:\/\/ferrolan.es\/blog\/wp-json\/wp\/v2\/posts\/6095\/revisions"}],"predecessor-version":[{"id":6111,"href":"https:\/\/ferrolan.es\/blog\/wp-json\/wp\/v2\/posts\/6095\/revisions\/6111"}],"wp:featuredmedia":[{"embeddable":true,"href":"https:\/\/ferrolan.es\/blog\/wp-json\/wp\/v2\/media\/6110"}],"wp:attachment":[{"href":"https:\/\/ferrolan.es\/blog\/wp-json\/wp\/v2\/media?parent=6095"}],"wp:term":[{"taxonomy":"category","embeddable":true,"href":"https:\/\/ferrolan.es\/blog\/wp-json\/wp\/v2\/categories?post=6095"},{"taxonomy":"post_tag","embeddable":true,"href":"https:\/\/ferrolan.es\/blog\/wp-json\/wp\/v2\/tags?post=6095"}],"curies":[{"name":"wp","href":"https:\/\/api.w.org\/{rel}","templated":true}]}}