{"id":616,"date":"2014-04-25T12:00:40","date_gmt":"2014-04-25T10:00:40","guid":{"rendered":"https:\/\/ferrolan.es\/blog\/?p=616"},"modified":"2025-10-07T17:20:18","modified_gmt":"2025-10-07T15:20:18","slug":"nueva-coleccion-tino-muebles-de-bano-de-estilo-nordico-n120","status":"publish","type":"post","link":"https:\/\/ferrolan.es\/blog\/nueva-coleccion-tino-muebles-de-bano-de-estilo-nordico-n120\/","title":{"rendered":"Descubre la colecci\u00f3n Tino, muebles de ba\u00f1o de estilo n\u00f3rdico"},"content":{"rendered":"[vc_row type=\u00bbin_container\u00bb full_screen_row_position=\u00bbmiddle\u00bb column_margin=\u00bbdefault\u00bb column_direction=\u00bbdefault\u00bb column_direction_tablet=\u00bbdefault\u00bb column_direction_phone=\u00bbdefault\u00bb scene_position=\u00bbcenter\u00bb text_color=\u00bbdark\u00bb text_align=\u00bbleft\u00bb row_border_radius=\u00bbnone\u00bb row_border_radius_applies=\u00bbbg\u00bb overflow=\u00bbvisible\u00bb overlay_strength=\u00bb0.3&#8243; gradient_direction=\u00bbleft_to_right\u00bb shape_divider_position=\u00bbbottom\u00bb bg_image_animation=\u00bbnone\u00bb][vc_column column_padding=\u00bbno-extra-padding\u00bb column_padding_tablet=\u00bbinherit\u00bb column_padding_phone=\u00bbinherit\u00bb column_padding_position=\u00bball\u00bb column_element_spacing=\u00bbdefault\u00bb background_color_opacity=\u00bb1&#8243; background_hover_color_opacity=\u00bb1&#8243; column_shadow=\u00bbnone\u00bb column_border_radius=\u00bbnone\u00bb column_link_target=\u00bb_self\u00bb column_position=\u00bbdefault\u00bb gradient_direction=\u00bbleft_to_right\u00bb overlay_strength=\u00bb0.3&#8243; width=\u00bb1\/1&#8243; tablet_width_inherit=\u00bbdefault\u00bb tablet_text_alignment=\u00bbdefault\u00bb phone_text_alignment=\u00bbdefault\u00bb animation_type=\u00bbdefault\u00bb bg_image_animation=\u00bbnone\u00bb border_type=\u00bbsimple\u00bb column_border_width=\u00bbnone\u00bb column_border_style=\u00bbsolid\u00bb][vc_column_text]\n<p>Industrias Valenzuela presenta su colecci\u00f3n de muebles de ba\u00f1o Tino, inspirada en el dise\u00f1o n\u00f3rdico caracterizado por sus l\u00edneas claras y la pureza de los materiales empleados. Esta serie dispone de una gran variedad de piezas modulares para hacer composiciones que se adapten al espacio. Bajos de lavabo, m\u00f3dulos con caj\u00f3n, estanter\u00edas y armarios se combinan entre s\u00ed creando un conjunto diferente para cada gusto o necesidad.<\/p>\n<p><img decoding=\"async\" src=\"https:\/\/ferrolan.es\/blog\/wp-content\/uploads\/content\/Tino-ppl.jpg\" alt=\"\" \/><\/p>\n<h2>Medidas y acabados mueble Tino<\/h2>\n<p>La colecci\u00f3n Tino se presenta con un bajo principal en cinco medidas, de los 60 hasta los 120 cent\u00edmetros y la posibilidad de crear conjuntos con una sola encimera hasta los 200 cm. El bajo de lavabo dispone de un caj\u00f3n principal en dos colores: oak y white con un tirador en acabado met\u00e1lico para hacer juego con el resto de accesorios cromados.<\/p>\n<p>Este caj\u00f3n te permite organizar todos tus accesorios para el ba\u00f1o y cuidado personal. Fabricado en madera o metal, equipado con gu\u00edas Hettich y costados de 30mm en alta presi\u00f3n con un acabado en roble muy natural que ofrecen suavidad y larga vida a tu mueble.<\/p>\n<p><img decoding=\"async\" src=\"https:\/\/ferrolan.es\/blog\/wp-content\/uploads\/2014\/04\/acabados_tino.jpg\" alt=\"acabados_tino\" \/><\/p>\n<h2>Espejos y Muebles Altos<\/h2>\n<p>Con el mueble Tino podr\u00e1s crear infinidad de espacios a tu gusto y necesidades gracias a la amplia variedad en espejos y muebles de ba\u00f1o a conjunto. Podr\u00e1s escoger entre espejos con iluminaci\u00f3n, espejos cuadrados, lisos o con mueble.<\/p>\n<p>Complementa tu bajo mueble con altos y columnas que te permitir\u00e1n ampliar el espacio para el almacenamiento de tus objetos personales para el aseo diario.<\/p>\n<p><img decoding=\"async\" src=\"https:\/\/ferrolan.es\/blog\/wp-content\/uploads\/2014\/04\/espejos-y-muebles.jpg\" alt=\"espejos_muebles\" \/><\/p>\n<h2>Encimeras<\/h2>\n<p>Tino te ofrece la posibilidad de escoger la encimera entre distintos materiales como son la porcelana, la opalina, el cristal o los de carga mineral. Las encimera de porcelana, las m\u00e1s cl\u00e1sicas y utilizadas, se caracterizan por ser un acabado sanitario no poroso que facilita su limpieza y mantenimiento, con un dise\u00f1o de l\u00edneas que proporcionan una perfecta fluidez del agua y aportan una atractiva est\u00e9tica convirti\u00e9ndolas en un producto de gran elegancia y personalidad.<\/p>\n<p>Las encimeras fabricadas con m\u00e1rmol, granito y resina de poli\u00e9ster son materiales de alta calidad y resistencia, rematadas con un acabado sanitario no poroso que tambi\u00e9n facilita su limpieza y mantenimiento.<\/p>\n<h2><\/h2>\n<p>Para m\u00e1s informaci\u00f3n puedes visitar cualquiera de <strong><a href=\"https:\/\/ferrolan.es\/blog\/tiendas\" target=\"_blank\" rel=\"noopener\">nuestras <\/a><\/strong><strong><a href=\"https:\/\/ferrolan.es\/blog\/tiendas\" target=\"_blank\" rel=\"noopener\">tiendas<\/a><\/strong>, o bien puedes visitar la <strong><a href=\"http:\/\/www.industriasvalenzuela.com\/es\" target=\"_blank\" rel=\"noopener nofollow\">web<\/a><a href=\"http:\/\/www.industriasvalenzuela.com\/es\" target=\"_blank\" rel=\"noopener nofollow\"> del fabricante<\/a>.<\/strong>[\/vc_column_text][\/vc_column][\/vc_row]\n","protected":false},"excerpt":{"rendered":"<p><img decoding=\"async\" src=\"https:\/\/ferrolan.es\/blog\/wp-content\/uploads\/content\/Tino-ppl.jpg\" loading=\"lazy\" alt=\"\">                                <\/p>\n<p style=\"text-align: justify;\">Industrias Valenzuela presenta su colecci\u00f3n de muebles de ba\u00f1o Tino, inspirada en el dise\u00f1o n\u00f3rdico caracterizado por sus l\u00edneas claras y la pureza de los materiales empleados. Esta serie dispone de una gran variedad de piezas modulares para hacer composiciones que se adapten al espacio. Bajos de lavabo, m\u00f3dulos con caj\u00f3n, estanter\u00edas y armarios se combinan entre s\u00ed creando un conjunto diferente para cada gusto o necesidad.<\/p>\n<p>                            <img decoding=\"async\" src=\"https:\/\/ferrolan.es\/blog\/wp-content\/uploads\/content\/Tino-1.jpg\" loading=\"lazy\" alt=\"\">                                <\/p>\n<p style=\"text-align: justify;\">La colecci\u00f3n Tino se presenta el bajo principal en 5 medidas (60 cm a 120 cm) y la posibilidad de crear conjuntos con una sola encimera hasta los 200 cm. El bajo de lavabo dispone de un caj\u00f3n principal (en dos colores) y uno interior (organizador) con acabado en madera o met\u00e1lico.<\/p>\n<p style=\"text-align: justify;\">Otra de las caracter\u00edsticas de esta colecci\u00f3n es la selecci\u00f3n de los materiales. Costados de 30 mm en alta presi\u00f3n con un acabado en roble muy natural. Cajones en madera o met\u00e1licos, ambos equipados con gu\u00edas Hettich,\u00a0 que ofrecen suavidad y larga vida a nuestros muebles.\u00a0 Encimeras en porcelana, opalina, cristal y carga mineral, en m\u00e1s de 10 medidas y un gran n\u00famero de opciones de iluminaci\u00f3n.<\/p>\n<p>                            <img decoding=\"async\" src=\"https:\/\/ferrolan.es\/blog\/wp-content\/uploads\/content\/Tino-cajones.jpg\" loading=\"lazy\" alt=\"\">                                <\/p>\n<h2>Espejos y Muebles Altos<\/h2>\n<p>                            <img decoding=\"async\" src=\"https:\/\/ferrolan.es\/blog\/wp-content\/uploads\/content\/Tino-espejos.jpg\" loading=\"lazy\" alt=\"\"><br \/>\n                            <img decoding=\"async\" src=\"https:\/\/ferrolan.es\/blog\/wp-content\/uploads\/content\/Tino-altos.jpg\" loading=\"lazy\" alt=\"\">                                <\/p>\n<h2>Encimeras<\/h2>\n<h3>Porcelana<\/h3>\n<p style=\"text-align: justify;\">Encimera de porcelana, acabado sanitario no poroso que facilita su limpieza y mantenimiento. El dise\u00f1o de sus l\u00edneas proporcionan una perfecta fluidez del agua y aportan una atractiva est\u00e9tica convirti\u00e9ndolas en un producto de gran elegancia y personalidad.<\/p>\n<p>                            <img decoding=\"async\" src=\"https:\/\/ferrolan.es\/blog\/wp-content\/uploads\/content\/Tino-porcelana.jpg\" loading=\"lazy\" alt=\"\">                                <\/p>\n<h3>Carga Mineral<\/h3>\n<p style=\"text-align: justify;\">Encimeras fabricadas con m\u00e1rmol, granito y resina de poli\u00e9ster, materiales de alta calidad y resistencia, rematadas con un acabado sanitario no poroso que facilita su limpieza y mantenimiento.<\/p>\n<p>                            <img decoding=\"async\" src=\"https:\/\/ferrolan.es\/blog\/wp-content\/uploads\/content\/Tino-soft.jpg\" loading=\"lazy\" alt=\"\"><br \/>\n                            <img decoding=\"async\" src=\"https:\/\/ferrolan.es\/blog\/wp-content\/uploads\/content\/Tino-brillo.jpg\" loading=\"lazy\" alt=\"\">                                <\/p>\n<h2>Muebles Bajos<\/h2>\n<p>                            <img decoding=\"async\" src=\"https:\/\/ferrolan.es\/blog\/wp-content\/uploads\/content\/Tino-bajos.jpg\" loading=\"lazy\" alt=\"\">                                <\/p>\n<h2>Acabados<\/h2>\n<p>                            <img decoding=\"async\" src=\"https:\/\/ferrolan.es\/blog\/wp-content\/uploads\/content\/Tino-acabados.jpg\" loading=\"lazy\" alt=\"\">                                <\/p>\n<p>Para m\u00e1s informaci\u00f3n pueden visitar cualquiera de <strong><a href=\"https:\/\/ferrolan.es\/blog\/tiendas\" target=\"_blank\" rel=\"noopener\">nuestras <\/a><\/strong><strong><a href=\"https:\/\/ferrolan.es\/blog\/tiendas\" target=\"_blank\" rel=\"noopener\">tiendas<\/a><\/strong>, o bien pueden visitar la <strong><a href=\"http:\/\/www.industriasvalenzuela.com\/es\" target=\"_blank\" rel=\"noopener\">web<\/a><a href=\"http:\/\/www.industriasvalenzuela.com\/es\" target=\"_blank\" rel=\"noopener\"> del fabricante<\/a>.<\/strong><\/p>\n","protected":false},"author":2,"featured_media":617,"comment_status":"open","ping_status":"closed","sticky":false,"template":"","format":"standard","meta":{"footnotes":""},"categories":[82,1086],"tags":[],"class_list":{"0":"post-616","1":"post","2":"type-post","3":"status-publish","4":"format-standard","5":"has-post-thumbnail","7":"category-banos","8":"category-inspiracion-e-ideas"},"yoast_head":"<!-- This site is optimized with the Yoast SEO plugin v20.7 - https:\/\/yoast.com\/wordpress\/plugins\/seo\/ -->\n<title>Descubre la colecci\u00f3n Tino, muebles de ba\u00f1o de estilo n\u00f3rdico - Ferrolan Blog<\/title>\n<meta name=\"robots\" content=\"index, follow, max-snippet:-1, max-image-preview:large, max-video-preview:-1\" \/>\n<link rel=\"canonical\" href=\"https:\/\/ferrolan.es\/blog\/nueva-coleccion-tino-muebles-de-bano-de-estilo-nordico-n120\/\" \/>\n<meta property=\"og:locale\" content=\"es_ES\" \/>\n<meta property=\"og:type\" content=\"article\" \/>\n<meta property=\"og:title\" content=\"Descubre la colecci\u00f3n Tino, muebles de ba\u00f1o de estilo n\u00f3rdico - Ferrolan Blog\" \/>\n<meta property=\"og:description\" content=\"Industrias Valenzuela presenta su colecci\u00f3n de muebles de ba\u00f1o Tino, inspirada en el dise\u00f1o n\u00f3rdico caracterizado por sus l\u00edneas claras y la pureza de los materiales empleados. Esta serie dispone de una gran variedad de piezas modulares para hacer composiciones que se adapten al espacio. Bajos de lavabo, m\u00f3dulos con caj\u00f3n, estanter\u00edas y armarios se combinan entre s\u00ed creando un conjunto diferente para cada gusto o necesidad.                                        La colecci\u00f3n Tino se presenta el bajo principal en 5 medidas (60 cm a 120 cm) y la posibilidad de crear conjuntos con una sola encimera hasta los 200 cm. El bajo de lavabo dispone de un caj\u00f3n principal (en dos colores) y uno interior (organizador) con acabado en madera o met\u00e1lico.Otra de las caracter\u00edsticas de esta colecci\u00f3n es la selecci\u00f3n de los materiales. Costados de 30 mm en alta presi\u00f3n con un acabado en roble muy natural. Cajones en madera o met\u00e1licos, ambos equipados con gu\u00edas Hettich,\u00a0 que ofrecen suavidad y larga vida a nuestros muebles.\u00a0 Encimeras en porcelana, opalina, cristal y carga mineral, en m\u00e1s de 10 medidas y un gran n\u00famero de opciones de iluminaci\u00f3n.                                        Espejos y Muebles Altos                                                                       EncimerasPorcelanaEncimera de porcelana, acabado sanitario no poroso que facilita su limpieza y mantenimiento. El dise\u00f1o de sus l\u00edneas proporcionan una perfecta fluidez del agua y aportan una atractiva est\u00e9tica convirti\u00e9ndolas en un producto de gran elegancia y personalidad.                                        Carga MineralEncimeras fabricadas con m\u00e1rmol, granito y resina de poli\u00e9ster, materiales de alta calidad y resistencia, rematadas con un acabado sanitario no poroso que facilita su limpieza y mantenimiento.                                                                       Muebles Bajos                                        Acabados                                        Para m\u00e1s informaci\u00f3n pueden visitar cualquiera de nuestras tiendas, o bien pueden visitar la web del fabricante.\" \/>\n<meta property=\"og:url\" content=\"https:\/\/ferrolan.es\/blog\/nueva-coleccion-tino-muebles-de-bano-de-estilo-nordico-n120\/\" \/>\n<meta property=\"og:site_name\" content=\"Ferrolan Blog\" \/>\n<meta property=\"article:published_time\" content=\"2014-04-25T10:00:40+00:00\" \/>\n<meta property=\"article:modified_time\" content=\"2025-10-07T15:20:18+00:00\" \/>\n<meta property=\"og:image\" content=\"https:\/\/ferrolan.es\/blog\/wp-content\/uploads\/content\/Tino-ppl.jpg\" \/>\n\t<meta property=\"og:image:width\" content=\"1068\" \/>\n\t<meta property=\"og:image:height\" content=\"597\" \/>\n\t<meta property=\"og:image:type\" content=\"image\/jpeg\" \/>\n<meta name=\"author\" content=\"Ferrolan\" \/>\n<meta name=\"twitter:card\" content=\"summary_large_image\" \/>\n<meta name=\"twitter:label1\" content=\"Escrito por\" \/>\n\t<meta name=\"twitter:data1\" content=\"Ferrolan\" \/>\n\t<meta name=\"twitter:label2\" content=\"Tiempo de lectura\" \/>\n\t<meta name=\"twitter:data2\" content=\"3 minutos\" \/>\n<script type=\"application\/ld+json\" class=\"yoast-schema-graph\">{\"@context\":\"https:\/\/schema.org\",\"@graph\":[{\"@type\":\"WebPage\",\"@id\":\"https:\/\/ferrolan.es\/blog\/nueva-coleccion-tino-muebles-de-bano-de-estilo-nordico-n120\/\",\"url\":\"https:\/\/ferrolan.es\/blog\/nueva-coleccion-tino-muebles-de-bano-de-estilo-nordico-n120\/\",\"name\":\"Descubre la colecci\u00f3n Tino, muebles de ba\u00f1o de estilo n\u00f3rdico - Ferrolan Blog\",\"isPartOf\":{\"@id\":\"https:\/\/ferrolan.es\/blog\/#website\"},\"datePublished\":\"2014-04-25T10:00:40+00:00\",\"dateModified\":\"2025-10-07T15:20:18+00:00\",\"author\":{\"@id\":\"https:\/\/ferrolan.es\/blog\/#\/schema\/person\/5f821ed7b37d03887255cc1869b7bd54\"},\"breadcrumb\":{\"@id\":\"https:\/\/ferrolan.es\/blog\/nueva-coleccion-tino-muebles-de-bano-de-estilo-nordico-n120\/#breadcrumb\"},\"inLanguage\":\"es\",\"potentialAction\":[{\"@type\":\"ReadAction\",\"target\":[\"https:\/\/ferrolan.es\/blog\/nueva-coleccion-tino-muebles-de-bano-de-estilo-nordico-n120\/\"]}]},{\"@type\":\"BreadcrumbList\",\"@id\":\"https:\/\/ferrolan.es\/blog\/nueva-coleccion-tino-muebles-de-bano-de-estilo-nordico-n120\/#breadcrumb\",\"itemListElement\":[{\"@type\":\"ListItem\",\"position\":1,\"name\":\"Portada\",\"item\":\"https:\/\/ferrolan.es\/blog\/\"},{\"@type\":\"ListItem\",\"position\":2,\"name\":\"Descubre la colecci\u00f3n Tino, muebles de ba\u00f1o de estilo n\u00f3rdico\"}]},{\"@type\":\"WebSite\",\"@id\":\"https:\/\/ferrolan.es\/blog\/#website\",\"url\":\"https:\/\/ferrolan.es\/blog\/\",\"name\":\"Ferrolan Blog\",\"description\":\"\",\"potentialAction\":[{\"@type\":\"SearchAction\",\"target\":{\"@type\":\"EntryPoint\",\"urlTemplate\":\"https:\/\/ferrolan.es\/blog\/?s={search_term_string}\"},\"query-input\":\"required name=search_term_string\"}],\"inLanguage\":\"es\"},{\"@type\":\"Person\",\"@id\":\"https:\/\/ferrolan.es\/blog\/#\/schema\/person\/5f821ed7b37d03887255cc1869b7bd54\",\"name\":\"Ferrolan\",\"image\":{\"@type\":\"ImageObject\",\"inLanguage\":\"es\",\"@id\":\"https:\/\/ferrolan.es\/blog\/#\/schema\/person\/image\/\",\"url\":\"https:\/\/secure.gravatar.com\/avatar\/b149d5904395425b1d5615ad2b7afdd232b37e43a107dfe2e261cf16e3f852bb?s=96&d=mm&r=g\",\"contentUrl\":\"https:\/\/secure.gravatar.com\/avatar\/b149d5904395425b1d5615ad2b7afdd232b37e43a107dfe2e261cf16e3f852bb?s=96&d=mm&r=g\",\"caption\":\"Ferrolan\"}}]}<\/script>\n<!-- \/ Yoast SEO plugin. -->","yoast_head_json":{"title":"Descubre la colecci\u00f3n Tino, muebles de ba\u00f1o de estilo n\u00f3rdico - Ferrolan Blog","robots":{"index":"index","follow":"follow","max-snippet":"max-snippet:-1","max-image-preview":"max-image-preview:large","max-video-preview":"max-video-preview:-1"},"canonical":"https:\/\/ferrolan.es\/blog\/nueva-coleccion-tino-muebles-de-bano-de-estilo-nordico-n120\/","og_locale":"es_ES","og_type":"article","og_title":"Descubre la colecci\u00f3n Tino, muebles de ba\u00f1o de estilo n\u00f3rdico - Ferrolan Blog","og_description":"Industrias Valenzuela presenta su colecci\u00f3n de muebles de ba\u00f1o Tino, inspirada en el dise\u00f1o n\u00f3rdico caracterizado por sus l\u00edneas claras y la pureza de los materiales empleados. Esta serie dispone de una gran variedad de piezas modulares para hacer composiciones que se adapten al espacio. Bajos de lavabo, m\u00f3dulos con caj\u00f3n, estanter\u00edas y armarios se combinan entre s\u00ed creando un conjunto diferente para cada gusto o necesidad.                                        La colecci\u00f3n Tino se presenta el bajo principal en 5 medidas (60 cm a 120 cm) y la posibilidad de crear conjuntos con una sola encimera hasta los 200 cm. El bajo de lavabo dispone de un caj\u00f3n principal (en dos colores) y uno interior (organizador) con acabado en madera o met\u00e1lico.Otra de las caracter\u00edsticas de esta colecci\u00f3n es la selecci\u00f3n de los materiales. Costados de 30 mm en alta presi\u00f3n con un acabado en roble muy natural. Cajones en madera o met\u00e1licos, ambos equipados con gu\u00edas Hettich,\u00a0 que ofrecen suavidad y larga vida a nuestros muebles.\u00a0 Encimeras en porcelana, opalina, cristal y carga mineral, en m\u00e1s de 10 medidas y un gran n\u00famero de opciones de iluminaci\u00f3n.                                        Espejos y Muebles Altos                                                                       EncimerasPorcelanaEncimera de porcelana, acabado sanitario no poroso que facilita su limpieza y mantenimiento. El dise\u00f1o de sus l\u00edneas proporcionan una perfecta fluidez del agua y aportan una atractiva est\u00e9tica convirti\u00e9ndolas en un producto de gran elegancia y personalidad.                                        Carga MineralEncimeras fabricadas con m\u00e1rmol, granito y resina de poli\u00e9ster, materiales de alta calidad y resistencia, rematadas con un acabado sanitario no poroso que facilita su limpieza y mantenimiento.                                                                       Muebles Bajos                                        Acabados                                        Para m\u00e1s informaci\u00f3n pueden visitar cualquiera de nuestras tiendas, o bien pueden visitar la web del fabricante.","og_url":"https:\/\/ferrolan.es\/blog\/nueva-coleccion-tino-muebles-de-bano-de-estilo-nordico-n120\/","og_site_name":"Ferrolan Blog","article_published_time":"2014-04-25T10:00:40+00:00","article_modified_time":"2025-10-07T15:20:18+00:00","og_image":[{"width":1068,"height":597,"url":"https:\/\/ferrolan.es\/blog\/wp-content\/uploads\/content\/Tino-ppl.jpg","type":"image\/jpeg"}],"author":"Ferrolan","twitter_card":"summary_large_image","twitter_misc":{"Escrito por":"Ferrolan","Tiempo de lectura":"3 minutos"},"schema":{"@context":"https:\/\/schema.org","@graph":[{"@type":"WebPage","@id":"https:\/\/ferrolan.es\/blog\/nueva-coleccion-tino-muebles-de-bano-de-estilo-nordico-n120\/","url":"https:\/\/ferrolan.es\/blog\/nueva-coleccion-tino-muebles-de-bano-de-estilo-nordico-n120\/","name":"Descubre la colecci\u00f3n Tino, muebles de ba\u00f1o de estilo n\u00f3rdico - Ferrolan Blog","isPartOf":{"@id":"https:\/\/ferrolan.es\/blog\/#website"},"datePublished":"2014-04-25T10:00:40+00:00","dateModified":"2025-10-07T15:20:18+00:00","author":{"@id":"https:\/\/ferrolan.es\/blog\/#\/schema\/person\/5f821ed7b37d03887255cc1869b7bd54"},"breadcrumb":{"@id":"https:\/\/ferrolan.es\/blog\/nueva-coleccion-tino-muebles-de-bano-de-estilo-nordico-n120\/#breadcrumb"},"inLanguage":"es","potentialAction":[{"@type":"ReadAction","target":["https:\/\/ferrolan.es\/blog\/nueva-coleccion-tino-muebles-de-bano-de-estilo-nordico-n120\/"]}]},{"@type":"BreadcrumbList","@id":"https:\/\/ferrolan.es\/blog\/nueva-coleccion-tino-muebles-de-bano-de-estilo-nordico-n120\/#breadcrumb","itemListElement":[{"@type":"ListItem","position":1,"name":"Portada","item":"https:\/\/ferrolan.es\/blog\/"},{"@type":"ListItem","position":2,"name":"Descubre la colecci\u00f3n Tino, muebles de ba\u00f1o de estilo n\u00f3rdico"}]},{"@type":"WebSite","@id":"https:\/\/ferrolan.es\/blog\/#website","url":"https:\/\/ferrolan.es\/blog\/","name":"Ferrolan Blog","description":"","potentialAction":[{"@type":"SearchAction","target":{"@type":"EntryPoint","urlTemplate":"https:\/\/ferrolan.es\/blog\/?s={search_term_string}"},"query-input":"required name=search_term_string"}],"inLanguage":"es"},{"@type":"Person","@id":"https:\/\/ferrolan.es\/blog\/#\/schema\/person\/5f821ed7b37d03887255cc1869b7bd54","name":"Ferrolan","image":{"@type":"ImageObject","inLanguage":"es","@id":"https:\/\/ferrolan.es\/blog\/#\/schema\/person\/image\/","url":"https:\/\/secure.gravatar.com\/avatar\/b149d5904395425b1d5615ad2b7afdd232b37e43a107dfe2e261cf16e3f852bb?s=96&d=mm&r=g","contentUrl":"https:\/\/secure.gravatar.com\/avatar\/b149d5904395425b1d5615ad2b7afdd232b37e43a107dfe2e261cf16e3f852bb?s=96&d=mm&r=g","caption":"Ferrolan"}}]}},"_links":{"self":[{"href":"https:\/\/ferrolan.es\/blog\/wp-json\/wp\/v2\/posts\/616","targetHints":{"allow":["GET"]}}],"collection":[{"href":"https:\/\/ferrolan.es\/blog\/wp-json\/wp\/v2\/posts"}],"about":[{"href":"https:\/\/ferrolan.es\/blog\/wp-json\/wp\/v2\/types\/post"}],"author":[{"embeddable":true,"href":"https:\/\/ferrolan.es\/blog\/wp-json\/wp\/v2\/users\/2"}],"replies":[{"embeddable":true,"href":"https:\/\/ferrolan.es\/blog\/wp-json\/wp\/v2\/comments?post=616"}],"version-history":[{"count":7,"href":"https:\/\/ferrolan.es\/blog\/wp-json\/wp\/v2\/posts\/616\/revisions"}],"predecessor-version":[{"id":11679,"href":"https:\/\/ferrolan.es\/blog\/wp-json\/wp\/v2\/posts\/616\/revisions\/11679"}],"wp:featuredmedia":[{"embeddable":true,"href":"https:\/\/ferrolan.es\/blog\/wp-json\/wp\/v2\/media\/617"}],"wp:attachment":[{"href":"https:\/\/ferrolan.es\/blog\/wp-json\/wp\/v2\/media?parent=616"}],"wp:term":[{"taxonomy":"category","embeddable":true,"href":"https:\/\/ferrolan.es\/blog\/wp-json\/wp\/v2\/categories?post=616"},{"taxonomy":"post_tag","embeddable":true,"href":"https:\/\/ferrolan.es\/blog\/wp-json\/wp\/v2\/tags?post=616"}],"curies":[{"name":"wp","href":"https:\/\/api.w.org\/{rel}","templated":true}]}}