{"id":649,"date":"2014-05-17T12:00:45","date_gmt":"2014-05-17T10:00:45","guid":{"rendered":"https:\/\/ferrolan.es\/blog\/?p=649"},"modified":"2025-10-07T17:26:07","modified_gmt":"2025-10-07T15:26:07","slug":"muebles-de-bano-que-se-adaptan-a-tu-espacio-coleccion-nucleo-de-aja-n142","status":"publish","type":"post","link":"https:\/\/ferrolan.es\/blog\/muebles-de-bano-que-se-adaptan-a-tu-espacio-coleccion-nucleo-de-aja-n142\/","title":{"rendered":"Muebles de ba\u00f1o que se adaptan a tu espacio, colecci\u00f3n N\u00facleo de Aja."},"content":{"rendered":"[vc_row type=\u00bbin_container\u00bb full_screen_row_position=\u00bbmiddle\u00bb column_margin=\u00bbdefault\u00bb column_direction=\u00bbdefault\u00bb column_direction_tablet=\u00bbdefault\u00bb column_direction_phone=\u00bbdefault\u00bb scene_position=\u00bbcenter\u00bb text_color=\u00bbdark\u00bb text_align=\u00bbleft\u00bb row_border_radius=\u00bbnone\u00bb row_border_radius_applies=\u00bbbg\u00bb overflow=\u00bbvisible\u00bb overlay_strength=\u00bb0.3&#8243; gradient_direction=\u00bbleft_to_right\u00bb shape_divider_position=\u00bbbottom\u00bb bg_image_animation=\u00bbnone\u00bb][vc_column column_padding=\u00bbno-extra-padding\u00bb column_padding_tablet=\u00bbinherit\u00bb column_padding_phone=\u00bbinherit\u00bb column_padding_position=\u00bball\u00bb column_element_spacing=\u00bbdefault\u00bb background_color_opacity=\u00bb1&#8243; background_hover_color_opacity=\u00bb1&#8243; column_shadow=\u00bbnone\u00bb column_border_radius=\u00bbnone\u00bb column_link_target=\u00bb_self\u00bb column_position=\u00bbdefault\u00bb gradient_direction=\u00bbleft_to_right\u00bb overlay_strength=\u00bb0.3&#8243; width=\u00bb1\/1&#8243; tablet_width_inherit=\u00bbdefault\u00bb tablet_text_alignment=\u00bbdefault\u00bb phone_text_alignment=\u00bbdefault\u00bb animation_type=\u00bbdefault\u00bb bg_image_animation=\u00bbnone\u00bb border_type=\u00bbsimple\u00bb column_border_width=\u00bbnone\u00bb column_border_style=\u00bbsolid\u00bb][vc_column_text]\u00bfTienes pensado renovar el mobiliario de tu ba\u00f1o? La empresa Aja Ba\u00f1o con una dilatada experiencia en el sector del mueble de ba\u00f1o, incorpora a su cat\u00e1logo la colecci\u00f3n N\u00facleo, que nos permite crear ambientes muy actuales, acogedores, personalizados y con estilo. La colecci\u00f3n N\u00facleo se presenta en formato compacto y modular. Destaca por sus amplias posibilidades de modulaci\u00f3n, combinaci\u00f3n y acabados disponibles. Se puede elegir entre una gran variedad de encimeras y lavabos.<\/p>\n<p><img decoding=\"async\" src=\"\/blog\/wp-content\/uploads\/content\/nucleo-1.jpg\" alt=\"\" \/><\/p>\n<p>N\u00facleo destaca por un tirador tipo u\u00f1ero lacado, mecanizado en los frentes de cajones y puertas. Los frentes con base MDF 19 mm los podr\u00e1s escoger tanto en acabado lacado como con efecto madera. En los laterales existen las mismas opciones de acabados pero sobre un tablero MDF de 10 mm. Las puertas est\u00e1n equipadas con bisagra amortiguada. Los cajones a su vez, tambi\u00e9n montan gu\u00edas con cierre amortiguado e incorporan divisiones interiores, detalle que resulta muy pr\u00e1ctico para mantener el orden en el interior de los mismos.<\/p>\n<p>En definitiva, detalles de calidad que hacen que la experiencia del ba\u00f1o sea m\u00e1s agradable al utilizar el mueble y que tambi\u00e9n har\u00e1 alargar la vida del mismo, ya que gracias a estos mecanismos de cierre y apertura, el mueble no sufrir\u00e1 de golpes innecesarios, realiz\u00e1ndose todo con mucha suavidad.<\/p>\n<p><img decoding=\"async\" src=\"\/blog\/wp-content\/uploads\/content\/nucleo-3.jpg\" alt=\"\" \/>.<\/p>\n<h2>N\u00facleo Programa Compacto<\/h2>\n<p>En la versi\u00f3n de mueble compacto los largos que encontrar\u00e1s ser\u00e1n de 60, 80, 100 y 120 cm. Existe la posibilidad de poder pedirlo a medida. El fondo ser\u00e1 de 45 cm y podr\u00e1s escoger entre 3 alturas 30, 50 y 85 cm.<\/p>\n<h2>N\u00facleo Programa Modular<\/h2>\n<p>En su versi\u00f3n modular podr\u00e1s encontrar largos de m\u00f3dulos de las siguientes medidas: 30, 40, 50, 58, 78, 98 y 118 cm, manteniendo la posibilidad de hacerlo a medida. El fondo ser\u00e1 de 45 cm y podr\u00e1s escoger tambi\u00e9n entre 3 alturas diferentes 30, 50 y 85 cm. Adem\u00e1s, podr\u00e1s acabar de realizar diferentes composiciones combinando con diferentes medidas de estanter\u00edas, m\u00f3dulos auxiliares y espejos.<\/p>\n<h2>Acabados<\/h2>\n<ul>\n<li>Lacados: gran variedad de colores de laca como por ejemplo el tradicional blanco brillo o mate, hasta el m\u00e1s vivo color rojo.<\/li>\n<li>Efecto Madera: melaminas de alta calidad con tacto madera como el roble nieve o roble oto\u00f1o.<\/li>\n<li>Colores carta RAL: escoge cualquier color de la carta para personalizar tu mueble.<\/li>\n<\/ul>\n<p><img decoding=\"async\" src=\"\/blog\/wp-content\/uploads\/content\/nucleo-8.jpg\" alt=\"\" \/><\/p>\n<p>Ven a descubrir esta colecci\u00f3n de muebles de ba\u00f1o en <strong><a href=\"https:\/\/ferrolan.es\/content\/27-nuestras-tiendas\" target=\"_blank\" rel=\"noopener\">nuestras <\/a><\/strong><strong><a href=\"https:\/\/ferrolan.es\/content\/27-nuestras-tiendas\" target=\"_blank\" rel=\"noopener\">tiendas<\/a><\/strong>, estaremos encantados de ayudarte ante cualquier duda. Tambi\u00e9n puedes visitar la <strong><a href=\"https:\/\/industriasaja.com\/es\/portada\/\" target=\"_blank\" rel=\"noopener nofollow\">web<\/a><a href=\"https:\/\/industriasaja.com\/es\/portada\/\" target=\"_blank\" rel=\"noopener nofollow\"> del fabricante<\/a><\/strong> para ampliar informaci\u00f3n.[\/vc_column_text][\/vc_column][\/vc_row]\n","protected":false},"excerpt":{"rendered":"<p><img decoding=\"async\" src=\"https:\/\/ferrolan.es\/blog\/wp-content\/uploads\/content\/nucleo-ppl.jpg\" loading=\"lazy\" alt=\"\">                                <\/p>\n<p dir=\"ltr\" style=\"line-height: 1.38; background-color: #ffffff; margin-top: 0pt; margin-bottom: 0pt; padding: 0pt 0pt 18pt; text-align: justify;\">\u00bfTienes pensado renovar el mobiliario de tu ba\u00f1o? La empresa Aja Ba\u00f1o con una dilatada experiencia en el sector del mueble de ba\u00f1o, incorpora a su cat\u00e1logo la colecci\u00f3n N\u00facleo, que nos permite crear ambientes muy actuales, acogedores, personalizados y con estilo.<\/p>\n<p style=\"text-align: justify;\">La colecci\u00f3n N\u00facleo se presenta en formato compacto y modular. Destaca por sus amplias posibilidades de modulaci\u00f3n, combinaci\u00f3n y acabados disponibles. Se puede elegir entre una gran variedad de encimeras y lavabos. <\/p>\n<p>                            <img decoding=\"async\" src=\"https:\/\/ferrolan.es\/blog\/wp-content\/uploads\/content\/nucleo-1.jpg\" loading=\"lazy\" alt=\"\"><br \/>\n                            <img decoding=\"async\" src=\"https:\/\/ferrolan.es\/blog\/wp-content\/uploads\/content\/nucleo-2.jpg\" loading=\"lazy\" alt=\"\">                                <\/p>\n<p dir=\"ltr\" style=\"line-height: 1.38; background-color: #ffffff; margin-top: 0pt; margin-bottom: 0pt; padding: 0pt 0pt 18pt; text-align: justify;\">N\u00facleo destaca por un tirador tipo u\u00f1ero lacado, mecanizado en los frentes de cajones y puertas.<\/p>\n<p style=\"text-align: justify;\">Los frentes con base MDF 19 mm los podremos escoger tanto en acabado lacado como con efecto madera. En los laterales tendremos las mismas opciones de acabados pero sobre un tablero MDF 10 mm.<\/p>\n<p dir=\"ltr\" style=\"line-height: 1.38; background-color: #ffffff; margin-top: 0pt; margin-bottom: 0pt; padding: 0pt 0pt 18pt; text-align: justify;\">Las puertas est\u00e1n equipadas con bisagra amortiguada.<\/p>\n<p dir=\"ltr\" style=\"line-height: 1.38; background-color: #ffffff; margin-top: 0pt; margin-bottom: 0pt; padding: 0pt 0pt 18pt; text-align: justify;\">Los cajones a su vez, tambi\u00e9n montan gu\u00edas con cierre amortiguado e incorporan divisiones interiores. Detalle que resulta muy pr\u00e1ctico para mantener el orden en el interior de los mismos.<\/p>\n<p style=\"text-align: justify;\">En definitiva, detalles de calidad que hacen que la experiencia de usuario sea m\u00e1s agradable al utilizar el mueble y que tambi\u00e9n nos har\u00e1n alargar la vida del mismo, ya que gracias a estos mecanismos de cierre y apertura, el mueble no sufrir\u00e1 de golpes innecesarios, realiz\u00e1ndose todo con mucha suavidad.<\/p>\n<p>                            <img decoding=\"async\" src=\"https:\/\/ferrolan.es\/blog\/wp-content\/uploads\/content\/nucleo-3.jpg\" loading=\"lazy\" alt=\"\"><br \/>\n                            <img decoding=\"async\" src=\"https:\/\/ferrolan.es\/blog\/wp-content\/uploads\/content\/nucleo-4.jpg\" loading=\"lazy\" alt=\"\">                                <\/p>\n<h2>N\u00facleo Programa Compacto<\/h2>\n<p style=\"text-align: justify;\">En la versi\u00f3n de mueble compacto los largos que encontraremos ser\u00e1n de 60, 80, 100 y 120 cm. Existe la posibilidad de poder pedirlo a medida. El fondo ser\u00e1 de 45 cm y podremos escoger entre 3 alturas 30, 50 y 85 cm.<\/p>\n<p>                            <img decoding=\"async\" src=\"https:\/\/ferrolan.es\/blog\/wp-content\/uploads\/content\/nucleo-5.jpg\" loading=\"lazy\" alt=\"\">                                <\/p>\n<h2>N\u00facleo Programa Modular<\/h2>\n<p style=\"text-align: justify;\">En su versi\u00f3n modular podremos encontrar largos de m\u00f3dulos de las siguientes medidas: 30, 40, 50, 58, 78, 98 y 118 cm, manteniendo la posibilidad de hacerlo a medida. El fondo ser\u00e1 de 45 cm y podremos escoger tambi\u00e9n entre 3 alturas diferentes 30, 50 y 85 cm.<\/p>\n<p>                            <img decoding=\"async\" src=\"https:\/\/ferrolan.es\/blog\/wp-content\/uploads\/content\/nucleo-6.jpg\" loading=\"lazy\" alt=\"\">                                <\/p>\n<p>Adem\u00e1s, podr\u00e1 acabar de realizar diferentes composiciones combinando con diferentes medidas de estanter\u00edas, m\u00f3dulos auxiliares y espejos.<\/p>\n<p>                            <img decoding=\"async\" src=\"https:\/\/ferrolan.es\/blog\/wp-content\/uploads\/content\/nucleo-7.jpg\" loading=\"lazy\" alt=\"\">                                <\/p>\n<h2>Acabados<\/h2>\n<p>Aja Ba\u00f1os, nos ofrece la posibilidad de escoger entre dos acabados para nuestros muebles de ba\u00f1o:\u00a0<\/p>\n<ul style=\"margin-bottom: 0px; padding-inline-start: 48px;\">\n<li dir=\"ltr\" style=\"list-style-type: disc; font-size: 11.5pt; color: #000000; background-color: transparent; font-variant-numeric: normal; font-variant-east-asian: normal; vertical-align: baseline; white-space: pre;\" aria-level=\"1\">\n<p dir=\"ltr\" style=\"line-height: 1.38; text-align: justify; margin-top: 0pt; margin-bottom: 0pt;\" role=\"presentation\">Lacados: gran variedad de colores de laca como por ejemplo el tradicional blanco brillo o mate, hasta el m\u00e1s vivo color rojo.<\/p>\n<\/li>\n<li dir=\"ltr\" style=\"list-style-type: disc; font-size: 11.5pt; color: #000000; background-color: transparent; font-variant-numeric: normal; font-variant-east-asian: normal; vertical-align: baseline; white-space: pre;\" aria-level=\"1\">\n<p dir=\"ltr\" style=\"line-height: 1.38; text-align: justify; margin-top: 0pt; margin-bottom: 18pt;\" role=\"presentation\">Efecto Madera: Melaminas de alta calidad con tacto madera como el roble nieve o roble oto\u00f1o.<\/p>\n<\/li>\n<\/ul>\n<p>Tambi\u00e9n nos ofrecen escoger acabados en carta RAL, con un sobre cargo adicional.<\/p>\n<p>                            <img decoding=\"async\" src=\"https:\/\/ferrolan.es\/blog\/wp-content\/uploads\/content\/nucleo-8.jpg\" loading=\"lazy\" alt=\"\">                                <\/p>\n<p style=\"text-align: justify;\">Ven a descubrir esta colecci\u00f3n de muebles de ba\u00f1o en <strong><a href=\"https:\/\/ferrolan.es\/blog\/tiendas\" target=\"_blank\" rel=\"noopener\">nuestras <\/a><\/strong><strong><a href=\"https:\/\/ferrolan.es\/blog\/tiendas\" target=\"_blank\" rel=\"noopener\">tiendas<\/a><\/strong>, estaremos encantados de ayudarte ante cualquier duda. Tambi\u00e9n puedes visitar la <strong><a href=\"https:\/\/industriasaja.com\/es\/portada\/\" target=\"_blank\" rel=\"noopener\">web<\/a><a href=\"https:\/\/industriasaja.com\/es\/portada\/\" target=\"_blank\" rel=\"noopener\"> del fabricante<\/a><\/strong> para ampliar informaci\u00f3n.<\/p>\n","protected":false},"author":2,"featured_media":650,"comment_status":"open","ping_status":"closed","sticky":false,"template":"","format":"standard","meta":{"footnotes":""},"categories":[82,1086],"tags":[],"class_list":{"0":"post-649","1":"post","2":"type-post","3":"status-publish","4":"format-standard","5":"has-post-thumbnail","7":"category-banos","8":"category-inspiracion-e-ideas"},"yoast_head":"<!-- This site is optimized with the Yoast SEO plugin v20.7 - https:\/\/yoast.com\/wordpress\/plugins\/seo\/ -->\n<title>Muebles de ba\u00f1o que se adaptan a tu espacio, colecci\u00f3n N\u00facleo de Aja. - Ferrolan Blog<\/title>\n<meta name=\"robots\" content=\"index, follow, max-snippet:-1, max-image-preview:large, max-video-preview:-1\" \/>\n<link rel=\"canonical\" href=\"https:\/\/ferrolan.es\/blog\/muebles-de-bano-que-se-adaptan-a-tu-espacio-coleccion-nucleo-de-aja-n142\/\" \/>\n<meta property=\"og:locale\" content=\"es_ES\" \/>\n<meta property=\"og:type\" content=\"article\" \/>\n<meta property=\"og:title\" content=\"Muebles de ba\u00f1o que se adaptan a tu espacio, colecci\u00f3n N\u00facleo de Aja. - Ferrolan Blog\" \/>\n<meta property=\"og:description\" content=\"\u00bfTienes pensado renovar el mobiliario de tu ba\u00f1o? La empresa Aja Ba\u00f1o con una dilatada experiencia en el sector del mueble de ba\u00f1o, incorpora a su cat\u00e1logo la colecci\u00f3n N\u00facleo, que nos permite crear ambientes muy actuales, acogedores, personalizados y con estilo.La colecci\u00f3n N\u00facleo se presenta en formato compacto y modular. Destaca por sus amplias posibilidades de modulaci\u00f3n, combinaci\u00f3n y acabados disponibles. Se puede elegir entre una gran variedad de encimeras y lavabos.                                                                        N\u00facleo destaca por un tirador tipo u\u00f1ero lacado, mecanizado en los frentes de cajones y puertas.Los frentes con base MDF 19 mm los podremos escoger tanto en acabado lacado como con efecto madera. En los laterales tendremos las mismas opciones de acabados pero sobre un tablero MDF 10 mm.         Las puertas est\u00e1n equipadas con bisagra amortiguada.Los cajones a su vez, tambi\u00e9n montan gu\u00edas con cierre amortiguado e incorporan divisiones interiores. Detalle que resulta muy pr\u00e1ctico para mantener el orden en el interior de los mismos.En definitiva, detalles de calidad que hacen que la experiencia de usuario sea m\u00e1s agradable al utilizar el mueble y que tambi\u00e9n nos har\u00e1n alargar la vida del mismo, ya que gracias a estos mecanismos de cierre y apertura, el mueble no sufrir\u00e1 de golpes innecesarios, realiz\u00e1ndose todo con mucha suavidad.                                                                       N\u00facleo Programa CompactoEn la versi\u00f3n de mueble compacto los largos que encontraremos ser\u00e1n de 60, 80, 100 y 120 cm. Existe la posibilidad de poder pedirlo a medida. El fondo ser\u00e1 de 45 cm y podremos escoger entre 3 alturas 30, 50 y 85 cm.                                        N\u00facleo Programa ModularEn su versi\u00f3n modular podremos encontrar largos de m\u00f3dulos de las siguientes medidas: 30, 40, 50, 58, 78, 98 y 118 cm, manteniendo la posibilidad de hacerlo a medida. El fondo ser\u00e1 de 45 cm y podremos escoger tambi\u00e9n entre 3 alturas diferentes 30, 50 y 85 cm.                                        Adem\u00e1s, podr\u00e1 acabar de realizar diferentes composiciones combinando con diferentes medidas de estanter\u00edas, m\u00f3dulos auxiliares y espejos.                                        AcabadosAja Ba\u00f1os, nos ofrece la posibilidad de escoger entre dos acabados para nuestros muebles de ba\u00f1o:\u00a0Lacados: gran variedad de colores de laca como por ejemplo el tradicional blanco brillo o mate, hasta el m\u00e1s vivo color rojo.Efecto Madera: Melaminas de alta calidad con tacto madera como el roble nieve o roble oto\u00f1o.Tambi\u00e9n nos ofrecen escoger acabados en carta RAL, con un sobre cargo adicional.                                        Ven a descubrir esta colecci\u00f3n de muebles de ba\u00f1o en nuestras tiendas, estaremos encantados de ayudarte ante cualquier duda. Tambi\u00e9n puedes visitar la web del fabricante para ampliar informaci\u00f3n.\" \/>\n<meta property=\"og:url\" content=\"https:\/\/ferrolan.es\/blog\/muebles-de-bano-que-se-adaptan-a-tu-espacio-coleccion-nucleo-de-aja-n142\/\" \/>\n<meta property=\"og:site_name\" content=\"Ferrolan Blog\" \/>\n<meta property=\"article:published_time\" content=\"2014-05-17T10:00:45+00:00\" \/>\n<meta property=\"article:modified_time\" content=\"2025-10-07T15:26:07+00:00\" \/>\n<meta property=\"og:image\" content=\"https:\/\/ferrolan.es\/blog\/wp-content\/uploads\/content\/nucleo-ppl.jpg\" \/>\n\t<meta property=\"og:image:width\" content=\"770\" \/>\n\t<meta property=\"og:image:height\" content=\"314\" \/>\n\t<meta property=\"og:image:type\" content=\"image\/jpeg\" \/>\n<meta name=\"author\" content=\"Ferrolan\" \/>\n<meta name=\"twitter:card\" content=\"summary_large_image\" \/>\n<meta name=\"twitter:label1\" content=\"Escrito por\" \/>\n\t<meta name=\"twitter:data1\" content=\"Ferrolan\" \/>\n\t<meta name=\"twitter:label2\" content=\"Tiempo de lectura\" \/>\n\t<meta name=\"twitter:data2\" content=\"3 minutos\" \/>\n<script type=\"application\/ld+json\" class=\"yoast-schema-graph\">{\"@context\":\"https:\/\/schema.org\",\"@graph\":[{\"@type\":\"WebPage\",\"@id\":\"https:\/\/ferrolan.es\/blog\/muebles-de-bano-que-se-adaptan-a-tu-espacio-coleccion-nucleo-de-aja-n142\/\",\"url\":\"https:\/\/ferrolan.es\/blog\/muebles-de-bano-que-se-adaptan-a-tu-espacio-coleccion-nucleo-de-aja-n142\/\",\"name\":\"Muebles de ba\u00f1o que se adaptan a tu espacio, colecci\u00f3n N\u00facleo de Aja. - Ferrolan Blog\",\"isPartOf\":{\"@id\":\"https:\/\/ferrolan.es\/blog\/#website\"},\"datePublished\":\"2014-05-17T10:00:45+00:00\",\"dateModified\":\"2025-10-07T15:26:07+00:00\",\"author\":{\"@id\":\"https:\/\/ferrolan.es\/blog\/#\/schema\/person\/5f821ed7b37d03887255cc1869b7bd54\"},\"breadcrumb\":{\"@id\":\"https:\/\/ferrolan.es\/blog\/muebles-de-bano-que-se-adaptan-a-tu-espacio-coleccion-nucleo-de-aja-n142\/#breadcrumb\"},\"inLanguage\":\"es\",\"potentialAction\":[{\"@type\":\"ReadAction\",\"target\":[\"https:\/\/ferrolan.es\/blog\/muebles-de-bano-que-se-adaptan-a-tu-espacio-coleccion-nucleo-de-aja-n142\/\"]}]},{\"@type\":\"BreadcrumbList\",\"@id\":\"https:\/\/ferrolan.es\/blog\/muebles-de-bano-que-se-adaptan-a-tu-espacio-coleccion-nucleo-de-aja-n142\/#breadcrumb\",\"itemListElement\":[{\"@type\":\"ListItem\",\"position\":1,\"name\":\"Portada\",\"item\":\"https:\/\/ferrolan.es\/blog\/\"},{\"@type\":\"ListItem\",\"position\":2,\"name\":\"Muebles de ba\u00f1o que se adaptan a tu espacio, colecci\u00f3n N\u00facleo de Aja.\"}]},{\"@type\":\"WebSite\",\"@id\":\"https:\/\/ferrolan.es\/blog\/#website\",\"url\":\"https:\/\/ferrolan.es\/blog\/\",\"name\":\"Ferrolan Blog\",\"description\":\"\",\"potentialAction\":[{\"@type\":\"SearchAction\",\"target\":{\"@type\":\"EntryPoint\",\"urlTemplate\":\"https:\/\/ferrolan.es\/blog\/?s={search_term_string}\"},\"query-input\":\"required name=search_term_string\"}],\"inLanguage\":\"es\"},{\"@type\":\"Person\",\"@id\":\"https:\/\/ferrolan.es\/blog\/#\/schema\/person\/5f821ed7b37d03887255cc1869b7bd54\",\"name\":\"Ferrolan\",\"image\":{\"@type\":\"ImageObject\",\"inLanguage\":\"es\",\"@id\":\"https:\/\/ferrolan.es\/blog\/#\/schema\/person\/image\/\",\"url\":\"https:\/\/secure.gravatar.com\/avatar\/b149d5904395425b1d5615ad2b7afdd232b37e43a107dfe2e261cf16e3f852bb?s=96&d=mm&r=g\",\"contentUrl\":\"https:\/\/secure.gravatar.com\/avatar\/b149d5904395425b1d5615ad2b7afdd232b37e43a107dfe2e261cf16e3f852bb?s=96&d=mm&r=g\",\"caption\":\"Ferrolan\"}}]}<\/script>\n<!-- \/ Yoast SEO plugin. -->","yoast_head_json":{"title":"Muebles de ba\u00f1o que se adaptan a tu espacio, colecci\u00f3n N\u00facleo de Aja. - Ferrolan Blog","robots":{"index":"index","follow":"follow","max-snippet":"max-snippet:-1","max-image-preview":"max-image-preview:large","max-video-preview":"max-video-preview:-1"},"canonical":"https:\/\/ferrolan.es\/blog\/muebles-de-bano-que-se-adaptan-a-tu-espacio-coleccion-nucleo-de-aja-n142\/","og_locale":"es_ES","og_type":"article","og_title":"Muebles de ba\u00f1o que se adaptan a tu espacio, colecci\u00f3n N\u00facleo de Aja. - Ferrolan Blog","og_description":"\u00bfTienes pensado renovar el mobiliario de tu ba\u00f1o? La empresa Aja Ba\u00f1o con una dilatada experiencia en el sector del mueble de ba\u00f1o, incorpora a su cat\u00e1logo la colecci\u00f3n N\u00facleo, que nos permite crear ambientes muy actuales, acogedores, personalizados y con estilo.La colecci\u00f3n N\u00facleo se presenta en formato compacto y modular. Destaca por sus amplias posibilidades de modulaci\u00f3n, combinaci\u00f3n y acabados disponibles. Se puede elegir entre una gran variedad de encimeras y lavabos.                                                                        N\u00facleo destaca por un tirador tipo u\u00f1ero lacado, mecanizado en los frentes de cajones y puertas.Los frentes con base MDF 19 mm los podremos escoger tanto en acabado lacado como con efecto madera. En los laterales tendremos las mismas opciones de acabados pero sobre un tablero MDF 10 mm.         Las puertas est\u00e1n equipadas con bisagra amortiguada.Los cajones a su vez, tambi\u00e9n montan gu\u00edas con cierre amortiguado e incorporan divisiones interiores. Detalle que resulta muy pr\u00e1ctico para mantener el orden en el interior de los mismos.En definitiva, detalles de calidad que hacen que la experiencia de usuario sea m\u00e1s agradable al utilizar el mueble y que tambi\u00e9n nos har\u00e1n alargar la vida del mismo, ya que gracias a estos mecanismos de cierre y apertura, el mueble no sufrir\u00e1 de golpes innecesarios, realiz\u00e1ndose todo con mucha suavidad.                                                                       N\u00facleo Programa CompactoEn la versi\u00f3n de mueble compacto los largos que encontraremos ser\u00e1n de 60, 80, 100 y 120 cm. Existe la posibilidad de poder pedirlo a medida. El fondo ser\u00e1 de 45 cm y podremos escoger entre 3 alturas 30, 50 y 85 cm.                                        N\u00facleo Programa ModularEn su versi\u00f3n modular podremos encontrar largos de m\u00f3dulos de las siguientes medidas: 30, 40, 50, 58, 78, 98 y 118 cm, manteniendo la posibilidad de hacerlo a medida. El fondo ser\u00e1 de 45 cm y podremos escoger tambi\u00e9n entre 3 alturas diferentes 30, 50 y 85 cm.                                        Adem\u00e1s, podr\u00e1 acabar de realizar diferentes composiciones combinando con diferentes medidas de estanter\u00edas, m\u00f3dulos auxiliares y espejos.                                        AcabadosAja Ba\u00f1os, nos ofrece la posibilidad de escoger entre dos acabados para nuestros muebles de ba\u00f1o:\u00a0Lacados: gran variedad de colores de laca como por ejemplo el tradicional blanco brillo o mate, hasta el m\u00e1s vivo color rojo.Efecto Madera: Melaminas de alta calidad con tacto madera como el roble nieve o roble oto\u00f1o.Tambi\u00e9n nos ofrecen escoger acabados en carta RAL, con un sobre cargo adicional.                                        Ven a descubrir esta colecci\u00f3n de muebles de ba\u00f1o en nuestras tiendas, estaremos encantados de ayudarte ante cualquier duda. Tambi\u00e9n puedes visitar la web del fabricante para ampliar informaci\u00f3n.","og_url":"https:\/\/ferrolan.es\/blog\/muebles-de-bano-que-se-adaptan-a-tu-espacio-coleccion-nucleo-de-aja-n142\/","og_site_name":"Ferrolan Blog","article_published_time":"2014-05-17T10:00:45+00:00","article_modified_time":"2025-10-07T15:26:07+00:00","og_image":[{"width":770,"height":314,"url":"https:\/\/ferrolan.es\/blog\/wp-content\/uploads\/content\/nucleo-ppl.jpg","type":"image\/jpeg"}],"author":"Ferrolan","twitter_card":"summary_large_image","twitter_misc":{"Escrito por":"Ferrolan","Tiempo de lectura":"3 minutos"},"schema":{"@context":"https:\/\/schema.org","@graph":[{"@type":"WebPage","@id":"https:\/\/ferrolan.es\/blog\/muebles-de-bano-que-se-adaptan-a-tu-espacio-coleccion-nucleo-de-aja-n142\/","url":"https:\/\/ferrolan.es\/blog\/muebles-de-bano-que-se-adaptan-a-tu-espacio-coleccion-nucleo-de-aja-n142\/","name":"Muebles de ba\u00f1o que se adaptan a tu espacio, colecci\u00f3n N\u00facleo de Aja. - Ferrolan Blog","isPartOf":{"@id":"https:\/\/ferrolan.es\/blog\/#website"},"datePublished":"2014-05-17T10:00:45+00:00","dateModified":"2025-10-07T15:26:07+00:00","author":{"@id":"https:\/\/ferrolan.es\/blog\/#\/schema\/person\/5f821ed7b37d03887255cc1869b7bd54"},"breadcrumb":{"@id":"https:\/\/ferrolan.es\/blog\/muebles-de-bano-que-se-adaptan-a-tu-espacio-coleccion-nucleo-de-aja-n142\/#breadcrumb"},"inLanguage":"es","potentialAction":[{"@type":"ReadAction","target":["https:\/\/ferrolan.es\/blog\/muebles-de-bano-que-se-adaptan-a-tu-espacio-coleccion-nucleo-de-aja-n142\/"]}]},{"@type":"BreadcrumbList","@id":"https:\/\/ferrolan.es\/blog\/muebles-de-bano-que-se-adaptan-a-tu-espacio-coleccion-nucleo-de-aja-n142\/#breadcrumb","itemListElement":[{"@type":"ListItem","position":1,"name":"Portada","item":"https:\/\/ferrolan.es\/blog\/"},{"@type":"ListItem","position":2,"name":"Muebles de ba\u00f1o que se adaptan a tu espacio, colecci\u00f3n N\u00facleo de Aja."}]},{"@type":"WebSite","@id":"https:\/\/ferrolan.es\/blog\/#website","url":"https:\/\/ferrolan.es\/blog\/","name":"Ferrolan Blog","description":"","potentialAction":[{"@type":"SearchAction","target":{"@type":"EntryPoint","urlTemplate":"https:\/\/ferrolan.es\/blog\/?s={search_term_string}"},"query-input":"required name=search_term_string"}],"inLanguage":"es"},{"@type":"Person","@id":"https:\/\/ferrolan.es\/blog\/#\/schema\/person\/5f821ed7b37d03887255cc1869b7bd54","name":"Ferrolan","image":{"@type":"ImageObject","inLanguage":"es","@id":"https:\/\/ferrolan.es\/blog\/#\/schema\/person\/image\/","url":"https:\/\/secure.gravatar.com\/avatar\/b149d5904395425b1d5615ad2b7afdd232b37e43a107dfe2e261cf16e3f852bb?s=96&d=mm&r=g","contentUrl":"https:\/\/secure.gravatar.com\/avatar\/b149d5904395425b1d5615ad2b7afdd232b37e43a107dfe2e261cf16e3f852bb?s=96&d=mm&r=g","caption":"Ferrolan"}}]}},"_links":{"self":[{"href":"https:\/\/ferrolan.es\/blog\/wp-json\/wp\/v2\/posts\/649","targetHints":{"allow":["GET"]}}],"collection":[{"href":"https:\/\/ferrolan.es\/blog\/wp-json\/wp\/v2\/posts"}],"about":[{"href":"https:\/\/ferrolan.es\/blog\/wp-json\/wp\/v2\/types\/post"}],"author":[{"embeddable":true,"href":"https:\/\/ferrolan.es\/blog\/wp-json\/wp\/v2\/users\/2"}],"replies":[{"embeddable":true,"href":"https:\/\/ferrolan.es\/blog\/wp-json\/wp\/v2\/comments?post=649"}],"version-history":[{"count":3,"href":"https:\/\/ferrolan.es\/blog\/wp-json\/wp\/v2\/posts\/649\/revisions"}],"predecessor-version":[{"id":11683,"href":"https:\/\/ferrolan.es\/blog\/wp-json\/wp\/v2\/posts\/649\/revisions\/11683"}],"wp:featuredmedia":[{"embeddable":true,"href":"https:\/\/ferrolan.es\/blog\/wp-json\/wp\/v2\/media\/650"}],"wp:attachment":[{"href":"https:\/\/ferrolan.es\/blog\/wp-json\/wp\/v2\/media?parent=649"}],"wp:term":[{"taxonomy":"category","embeddable":true,"href":"https:\/\/ferrolan.es\/blog\/wp-json\/wp\/v2\/categories?post=649"},{"taxonomy":"post_tag","embeddable":true,"href":"https:\/\/ferrolan.es\/blog\/wp-json\/wp\/v2\/tags?post=649"}],"curies":[{"name":"wp","href":"https:\/\/api.w.org\/{rel}","templated":true}]}}