{"id":722,"date":"2014-07-12T12:00:58","date_gmt":"2014-07-12T10:00:58","guid":{"rendered":"https:\/\/ferrolan.es\/blog\/?p=722"},"modified":"2025-10-07T17:34:35","modified_gmt":"2025-10-07T15:34:35","slug":"doble-beneficio-con-los-termos-fleck-duo-n192","status":"publish","type":"post","link":"https:\/\/ferrolan.es\/blog\/doble-beneficio-con-los-termos-fleck-duo-n192\/","title":{"rendered":"Descubre DUO de Fleck: la nueva referencia en termos el\u00e9ctricos de dise\u00f1o"},"content":{"rendered":"[vc_row type=\u00bbin_container\u00bb full_screen_row_position=\u00bbmiddle\u00bb column_margin=\u00bbdefault\u00bb column_direction=\u00bbdefault\u00bb column_direction_tablet=\u00bbdefault\u00bb column_direction_phone=\u00bbdefault\u00bb scene_position=\u00bbcenter\u00bb text_color=\u00bbdark\u00bb text_align=\u00bbleft\u00bb row_border_radius=\u00bbnone\u00bb row_border_radius_applies=\u00bbbg\u00bb overflow=\u00bbvisible\u00bb overlay_strength=\u00bb0.3&#8243; gradient_direction=\u00bbleft_to_right\u00bb shape_divider_position=\u00bbbottom\u00bb bg_image_animation=\u00bbnone\u00bb][vc_column column_padding=\u00bbno-extra-padding\u00bb column_padding_tablet=\u00bbinherit\u00bb column_padding_phone=\u00bbinherit\u00bb column_padding_position=\u00bball\u00bb column_element_spacing=\u00bbdefault\u00bb background_color_opacity=\u00bb1&#8243; background_hover_color_opacity=\u00bb1&#8243; column_shadow=\u00bbnone\u00bb column_border_radius=\u00bbnone\u00bb column_link_target=\u00bb_self\u00bb column_position=\u00bbdefault\u00bb gradient_direction=\u00bbleft_to_right\u00bb overlay_strength=\u00bb0.3&#8243; width=\u00bb1\/1&#8243; tablet_width_inherit=\u00bbdefault\u00bb tablet_text_alignment=\u00bbdefault\u00bb phone_text_alignment=\u00bbdefault\u00bb animation_type=\u00bbdefault\u00bb bg_image_animation=\u00bbnone\u00bb border_type=\u00bbsimple\u00bb column_border_width=\u00bbnone\u00bb column_border_style=\u00bbsolid\u00bb][vc_column_text]Con los nuevos termos el\u00e9ctricos DUO 5 y DUO 7 de Fleck disfrutar\u00e1s de un dise\u00f1o que se integra a la perfecci\u00f3n en tu cocina o lavadero, con un dise\u00f1o minimalista y sencillo que permite combinar con cualquier otro elemento de la estancia. Podr\u00e1s colocarlo en horizontal o vertical, ya que es su dise\u00f1o es vers\u00e1til para que encaje en cualquier espacio. Son funcionales y te permiten un gran confort gracias a su display LCD con el que podr\u00e1s conseguir la temperatura perfecta para cada momento, adem\u00e1s de ahorrar energ\u00eda y contar con una gran garant\u00eda de durabilidad y calidad de la mano de Fleck.<\/p>\n<h2>Doble Acumulaci\u00f3n<\/h2>\n<p>Una de las ventajas m\u00e1s destacables de este termo es su innovadora estructura interna de doble acumulador, que permite una mezcla m\u00e1s r\u00e1pida de agua fr\u00eda y caliente, con mayor flexibilidad en los tiempos de calentamiento.<\/p>\n<p><img decoding=\"async\" src=\"https:\/\/ferrolan.es\/blog\/wp-content\/uploads\/content\/DuoFleck-2.jpg\" alt=\"\" \/><\/p>\n<h2>Caracter\u00edsticas Termo El\u00e9ctrico DUO 5<\/h2>\n<ul>\n<li>Doble acumulador<\/li>\n<li>Recubrimiento vitrificado al titanio<\/li>\n<li>Multiposici\u00f3n: vertical u horizontal<\/li>\n<li>Indicador Shower Ready (reduce el tiempo de espera)<\/li>\n<li>Funci\u00f3n REC PLUS<\/li>\n<li>Termostato electr\u00f3nico inteligente<\/li>\n<li>Resistencia blindada sumergida antical<\/li>\n<li>Display frontal con LCD con botones soft touch<\/li>\n<li>V\u00e1lvula de seguridad<\/li>\n<li>Gama: 50,80 y 100 litros<\/li>\n<li>Potencia m\u00e1xima absorbida: 1.500 W<\/li>\n<li>Dimensiones: s\u00f3lo 27 cm de fondo<\/li>\n<\/ul>\n<p><img decoding=\"async\" src=\"https:\/\/ferrolan.es\/blog\/wp-content\/uploads\/2014\/07\/DUO-5-236x300.png\" alt=\"duo5\" \/><\/p>\n<h2>Caracter\u00edsticas Termo El\u00e9ctrico DUO 7<\/h2>\n<p>El doble acumulador y la mejor tecnolog\u00eda Fleck hacen de DUO 7 un termo el\u00e9ctrico sin comparaci\u00f3n en el mercado: dimensiones compactas, acabado en gris plateado, 7 a\u00f1os de garant\u00eda en el calder\u00edn sin necesidad de mantener el \u00e1nodo.<\/p>\n<ul>\n<li>Doble acumulador<\/li>\n<li>Recubrimiento Smalt Power System<\/li>\n<li>Multiposici\u00f3n: vertical u horizontal<\/li>\n<li>Indicador Shower ready (reduce el tiempo de espera)<\/li>\n<li>Funci\u00f3n REC PLUS: ahorra hasta un 14% de energ\u00eda<\/li>\n<li>Termostato electr\u00f3nico inteligente<\/li>\n<li>Resistencia blindada sumergida antical<\/li>\n<li>Display frontal con LCD con botones soft touch y rotaci\u00f3n prevista para instalaciones horizontales<\/li>\n<li>V\u00e1lvula de seguridad<\/li>\n<li>Gama de 50,80 y 100 litros<\/li>\n<li>Potencia m\u00e1xima absorbida: 1.500W<\/li>\n<li>Dimensiones: s\u00f3lo 27 cm de fondo<\/li>\n<\/ul>\n<p><img decoding=\"async\" src=\"https:\/\/ferrolan.es\/blog\/wp-content\/uploads\/2014\/07\/DUO-7.png\" alt=\"duo7\" \/><\/p>\n<p>Si deseas ampliar informaci\u00f3n, pueden visitarnos en cualquiera de <strong><a href=\"https:\/\/ferrolan.es\/content\/27-nuestras-tiendas\" target=\"_blank\" rel=\"noopener\">nuestras tiendas<\/a><\/strong>, o bien visitar la <a href=\"https:\/\/www.fleck.es\/\" target=\"_blank\" rel=\"noopener nofollow\"><strong>p\u00e1gina<\/strong><\/a><a href=\"https:\/\/www.fleck.es\/\" target=\"_blank\" rel=\"noopener nofollow\"><strong> del fabricante<\/strong><\/a>.[\/vc_column_text][\/vc_column][\/vc_row]\n","protected":false},"excerpt":{"rendered":"<p><img decoding=\"async\" src=\"https:\/\/ferrolan.es\/blog\/wp-content\/uploads\/content\/DuoFleck-ppl.jpg\" loading=\"lazy\" alt=\"\">                                <\/p>\n<p style=\"text-align: justify;\">Fleck, fabricante especialista en termos para la producci\u00f3n de agua caliente, nos presenta la nueva referencia en termos el\u00e9ctricos de dise\u00f1o DUO; ideales para interiores modernos. Est\u00e1 disponible en dos modelos: DUO 7 y DUO 5.<\/p>\n<p>                            <img decoding=\"async\" src=\"https:\/\/ferrolan.es\/blog\/wp-content\/uploads\/content\/DuoFleck-3.jpg\" loading=\"lazy\" alt=\"\">                                <\/p>\n<h2>Doble Acumulaci\u00f3n<\/h2>\n<p style=\"text-align: justify;\">Una de las ventajas m\u00e1s destacables de este termo es su innovadora estructura interna de doble acumulador, que permite una mezcla m\u00e1s r\u00e1pida de agua fr\u00eda y caliente, con mayor flexibilidad en los tiempos de calentamiento.<\/p>\n<p>                            <img decoding=\"async\" src=\"https:\/\/ferrolan.es\/blog\/wp-content\/uploads\/content\/DuoFleck-2.jpg\" loading=\"lazy\" alt=\"\">                                <\/p>\n<h2>Termo El\u00e9ctrico DUO 7<\/h2>\n<p style=\"text-align: justify;\">El doble acumulador y la mejor tecnolog\u00eda Fleck hacen de DUO 7 un termo el\u00e9ctrico sin comparaci\u00f3n en el mercado: dimensiones compactas, acabado en gris plateado, 7 a\u00f1os de garant\u00eda en el calder\u00edn sin necesidad de mantener el \u00e1nodo.<\/p>\n<p>                            <img decoding=\"async\" src=\"https:\/\/ferrolan.es\/blog\/wp-content\/uploads\/content\/DuoFleck-duo7-ppl.png\" loading=\"lazy\" alt=\"\"><br \/>\n                            <img decoding=\"async\" src=\"https:\/\/ferrolan.es\/blog\/wp-content\/uploads\/content\/DuoFleck-duo7-display.jpg\" loading=\"lazy\" alt=\"\"><br \/>\n                            <img decoding=\"async\" src=\"https:\/\/ferrolan.es\/blog\/wp-content\/uploads\/content\/DuoFleck-duo7-tecnica.jpg\" loading=\"lazy\" alt=\"\">                                <\/p>\n<h2>Termo El\u00e9ctrico DUO 5<\/h2>\n<p>                            <img decoding=\"async\" src=\"https:\/\/ferrolan.es\/blog\/wp-content\/uploads\/content\/DuoFleck-duo5-ppl.png\" loading=\"lazy\" alt=\"\"><br \/>\n                            <img decoding=\"async\" src=\"https:\/\/ferrolan.es\/blog\/wp-content\/uploads\/content\/DuoFleck-duo5-display.jpg\" loading=\"lazy\" alt=\"\"><br \/>\n                            <img decoding=\"async\" src=\"https:\/\/ferrolan.es\/blog\/wp-content\/uploads\/content\/DuoFleck-duo5-tecnica.jpg\" loading=\"lazy\" alt=\"\">                                <\/p>\n<p>Si desea ampliar informaci\u00f3n, pueden visitarnos en cualquiera de <strong><a href=\"http:\/\/www.ferrolan.es\/tiendas\" target=\"_blank\" rel=\"noopener\">nuestras tiendas<\/a><\/strong>, o bien visitar la <a href=\"https:\/\/www.fleck.es\/\" target=\"_blank\" rel=\"noopener\"><strong>p\u00e1gina<\/strong><\/a><a href=\"https:\/\/www.fleck.es\/\" target=\"_blank\" rel=\"noopener\"><strong> del fabricante<\/strong><\/a>.<\/p>\n","protected":false},"author":2,"featured_media":723,"comment_status":"open","ping_status":"closed","sticky":false,"template":"","format":"standard","meta":{"footnotes":""},"categories":[1088,1],"tags":[],"class_list":{"0":"post-722","1":"post","2":"type-post","3":"status-publish","4":"format-standard","5":"has-post-thumbnail","7":"category-noticias","8":"category-nuevos-productos"},"yoast_head":"<!-- This site is optimized with the Yoast SEO plugin v20.7 - https:\/\/yoast.com\/wordpress\/plugins\/seo\/ -->\n<title>\u2705 Descubre DUO de Fleck: la nueva referencia en termos el\u00e9ctricos de dise\u00f1o - Ferrolan Blog<\/title>\n<meta name=\"description\" content=\"Gracias al termo el\u00e9ctrico DUO Fleck con doble acumulador de agua podr\u00e1s disfrutar de agua caliente durante un mayor per\u00edodo de tiempo.\" \/>\n<meta name=\"robots\" content=\"index, follow, max-snippet:-1, max-image-preview:large, max-video-preview:-1\" \/>\n<link rel=\"canonical\" href=\"https:\/\/ferrolan.es\/blog\/doble-beneficio-con-los-termos-fleck-duo-n192\/\" \/>\n<meta property=\"og:locale\" content=\"es_ES\" \/>\n<meta property=\"og:type\" content=\"article\" \/>\n<meta property=\"og:title\" content=\"\u2705 Descubre DUO de Fleck: la nueva referencia en termos el\u00e9ctricos de dise\u00f1o - Ferrolan Blog\" \/>\n<meta property=\"og:description\" content=\"Gracias al termo el\u00e9ctrico DUO Fleck con doble acumulador de agua podr\u00e1s disfrutar de agua caliente durante un mayor per\u00edodo de tiempo.\" \/>\n<meta property=\"og:url\" content=\"https:\/\/ferrolan.es\/blog\/doble-beneficio-con-los-termos-fleck-duo-n192\/\" \/>\n<meta property=\"og:site_name\" content=\"Ferrolan Blog\" \/>\n<meta property=\"article:published_time\" content=\"2014-07-12T10:00:58+00:00\" \/>\n<meta property=\"article:modified_time\" content=\"2025-10-07T15:34:35+00:00\" \/>\n<meta property=\"og:image\" content=\"https:\/\/ferrolan.es\/blog\/wp-content\/uploads\/content\/DuoFleck-ppl.jpg\" \/>\n\t<meta property=\"og:image:width\" content=\"852\" \/>\n\t<meta property=\"og:image:height\" content=\"300\" \/>\n\t<meta property=\"og:image:type\" content=\"image\/jpeg\" \/>\n<meta name=\"author\" content=\"Ferrolan\" \/>\n<meta name=\"twitter:card\" content=\"summary_large_image\" \/>\n<meta name=\"twitter:label1\" content=\"Escrito por\" \/>\n\t<meta name=\"twitter:data1\" content=\"Ferrolan\" \/>\n\t<meta name=\"twitter:label2\" content=\"Tiempo de lectura\" \/>\n\t<meta name=\"twitter:data2\" content=\"3 minutos\" \/>\n<script type=\"application\/ld+json\" class=\"yoast-schema-graph\">{\"@context\":\"https:\/\/schema.org\",\"@graph\":[{\"@type\":\"WebPage\",\"@id\":\"https:\/\/ferrolan.es\/blog\/doble-beneficio-con-los-termos-fleck-duo-n192\/\",\"url\":\"https:\/\/ferrolan.es\/blog\/doble-beneficio-con-los-termos-fleck-duo-n192\/\",\"name\":\"\u2705 Descubre DUO de Fleck: la nueva referencia en termos el\u00e9ctricos de dise\u00f1o - Ferrolan Blog\",\"isPartOf\":{\"@id\":\"https:\/\/ferrolan.es\/blog\/#website\"},\"datePublished\":\"2014-07-12T10:00:58+00:00\",\"dateModified\":\"2025-10-07T15:34:35+00:00\",\"author\":{\"@id\":\"https:\/\/ferrolan.es\/blog\/#\/schema\/person\/5f821ed7b37d03887255cc1869b7bd54\"},\"description\":\"Gracias al termo el\u00e9ctrico DUO Fleck con doble acumulador de agua podr\u00e1s disfrutar de agua caliente durante un mayor per\u00edodo de tiempo.\",\"breadcrumb\":{\"@id\":\"https:\/\/ferrolan.es\/blog\/doble-beneficio-con-los-termos-fleck-duo-n192\/#breadcrumb\"},\"inLanguage\":\"es\",\"potentialAction\":[{\"@type\":\"ReadAction\",\"target\":[\"https:\/\/ferrolan.es\/blog\/doble-beneficio-con-los-termos-fleck-duo-n192\/\"]}]},{\"@type\":\"BreadcrumbList\",\"@id\":\"https:\/\/ferrolan.es\/blog\/doble-beneficio-con-los-termos-fleck-duo-n192\/#breadcrumb\",\"itemListElement\":[{\"@type\":\"ListItem\",\"position\":1,\"name\":\"Portada\",\"item\":\"https:\/\/ferrolan.es\/blog\/\"},{\"@type\":\"ListItem\",\"position\":2,\"name\":\"Descubre DUO de Fleck: la nueva referencia en termos el\u00e9ctricos de dise\u00f1o\"}]},{\"@type\":\"WebSite\",\"@id\":\"https:\/\/ferrolan.es\/blog\/#website\",\"url\":\"https:\/\/ferrolan.es\/blog\/\",\"name\":\"Ferrolan Blog\",\"description\":\"\",\"potentialAction\":[{\"@type\":\"SearchAction\",\"target\":{\"@type\":\"EntryPoint\",\"urlTemplate\":\"https:\/\/ferrolan.es\/blog\/?s={search_term_string}\"},\"query-input\":\"required name=search_term_string\"}],\"inLanguage\":\"es\"},{\"@type\":\"Person\",\"@id\":\"https:\/\/ferrolan.es\/blog\/#\/schema\/person\/5f821ed7b37d03887255cc1869b7bd54\",\"name\":\"Ferrolan\",\"image\":{\"@type\":\"ImageObject\",\"inLanguage\":\"es\",\"@id\":\"https:\/\/ferrolan.es\/blog\/#\/schema\/person\/image\/\",\"url\":\"https:\/\/secure.gravatar.com\/avatar\/b149d5904395425b1d5615ad2b7afdd232b37e43a107dfe2e261cf16e3f852bb?s=96&d=mm&r=g\",\"contentUrl\":\"https:\/\/secure.gravatar.com\/avatar\/b149d5904395425b1d5615ad2b7afdd232b37e43a107dfe2e261cf16e3f852bb?s=96&d=mm&r=g\",\"caption\":\"Ferrolan\"}}]}<\/script>\n<!-- \/ Yoast SEO plugin. -->","yoast_head_json":{"title":"\u2705 Descubre DUO de Fleck: la nueva referencia en termos el\u00e9ctricos de dise\u00f1o - Ferrolan Blog","description":"Gracias al termo el\u00e9ctrico DUO Fleck con doble acumulador de agua podr\u00e1s disfrutar de agua caliente durante un mayor per\u00edodo de tiempo.","robots":{"index":"index","follow":"follow","max-snippet":"max-snippet:-1","max-image-preview":"max-image-preview:large","max-video-preview":"max-video-preview:-1"},"canonical":"https:\/\/ferrolan.es\/blog\/doble-beneficio-con-los-termos-fleck-duo-n192\/","og_locale":"es_ES","og_type":"article","og_title":"\u2705 Descubre DUO de Fleck: la nueva referencia en termos el\u00e9ctricos de dise\u00f1o - Ferrolan Blog","og_description":"Gracias al termo el\u00e9ctrico DUO Fleck con doble acumulador de agua podr\u00e1s disfrutar de agua caliente durante un mayor per\u00edodo de tiempo.","og_url":"https:\/\/ferrolan.es\/blog\/doble-beneficio-con-los-termos-fleck-duo-n192\/","og_site_name":"Ferrolan Blog","article_published_time":"2014-07-12T10:00:58+00:00","article_modified_time":"2025-10-07T15:34:35+00:00","og_image":[{"width":852,"height":300,"url":"https:\/\/ferrolan.es\/blog\/wp-content\/uploads\/content\/DuoFleck-ppl.jpg","type":"image\/jpeg"}],"author":"Ferrolan","twitter_card":"summary_large_image","twitter_misc":{"Escrito por":"Ferrolan","Tiempo de lectura":"3 minutos"},"schema":{"@context":"https:\/\/schema.org","@graph":[{"@type":"WebPage","@id":"https:\/\/ferrolan.es\/blog\/doble-beneficio-con-los-termos-fleck-duo-n192\/","url":"https:\/\/ferrolan.es\/blog\/doble-beneficio-con-los-termos-fleck-duo-n192\/","name":"\u2705 Descubre DUO de Fleck: la nueva referencia en termos el\u00e9ctricos de dise\u00f1o - Ferrolan Blog","isPartOf":{"@id":"https:\/\/ferrolan.es\/blog\/#website"},"datePublished":"2014-07-12T10:00:58+00:00","dateModified":"2025-10-07T15:34:35+00:00","author":{"@id":"https:\/\/ferrolan.es\/blog\/#\/schema\/person\/5f821ed7b37d03887255cc1869b7bd54"},"description":"Gracias al termo el\u00e9ctrico DUO Fleck con doble acumulador de agua podr\u00e1s disfrutar de agua caliente durante un mayor per\u00edodo de tiempo.","breadcrumb":{"@id":"https:\/\/ferrolan.es\/blog\/doble-beneficio-con-los-termos-fleck-duo-n192\/#breadcrumb"},"inLanguage":"es","potentialAction":[{"@type":"ReadAction","target":["https:\/\/ferrolan.es\/blog\/doble-beneficio-con-los-termos-fleck-duo-n192\/"]}]},{"@type":"BreadcrumbList","@id":"https:\/\/ferrolan.es\/blog\/doble-beneficio-con-los-termos-fleck-duo-n192\/#breadcrumb","itemListElement":[{"@type":"ListItem","position":1,"name":"Portada","item":"https:\/\/ferrolan.es\/blog\/"},{"@type":"ListItem","position":2,"name":"Descubre DUO de Fleck: la nueva referencia en termos el\u00e9ctricos de dise\u00f1o"}]},{"@type":"WebSite","@id":"https:\/\/ferrolan.es\/blog\/#website","url":"https:\/\/ferrolan.es\/blog\/","name":"Ferrolan Blog","description":"","potentialAction":[{"@type":"SearchAction","target":{"@type":"EntryPoint","urlTemplate":"https:\/\/ferrolan.es\/blog\/?s={search_term_string}"},"query-input":"required name=search_term_string"}],"inLanguage":"es"},{"@type":"Person","@id":"https:\/\/ferrolan.es\/blog\/#\/schema\/person\/5f821ed7b37d03887255cc1869b7bd54","name":"Ferrolan","image":{"@type":"ImageObject","inLanguage":"es","@id":"https:\/\/ferrolan.es\/blog\/#\/schema\/person\/image\/","url":"https:\/\/secure.gravatar.com\/avatar\/b149d5904395425b1d5615ad2b7afdd232b37e43a107dfe2e261cf16e3f852bb?s=96&d=mm&r=g","contentUrl":"https:\/\/secure.gravatar.com\/avatar\/b149d5904395425b1d5615ad2b7afdd232b37e43a107dfe2e261cf16e3f852bb?s=96&d=mm&r=g","caption":"Ferrolan"}}]}},"_links":{"self":[{"href":"https:\/\/ferrolan.es\/blog\/wp-json\/wp\/v2\/posts\/722","targetHints":{"allow":["GET"]}}],"collection":[{"href":"https:\/\/ferrolan.es\/blog\/wp-json\/wp\/v2\/posts"}],"about":[{"href":"https:\/\/ferrolan.es\/blog\/wp-json\/wp\/v2\/types\/post"}],"author":[{"embeddable":true,"href":"https:\/\/ferrolan.es\/blog\/wp-json\/wp\/v2\/users\/2"}],"replies":[{"embeddable":true,"href":"https:\/\/ferrolan.es\/blog\/wp-json\/wp\/v2\/comments?post=722"}],"version-history":[{"count":4,"href":"https:\/\/ferrolan.es\/blog\/wp-json\/wp\/v2\/posts\/722\/revisions"}],"predecessor-version":[{"id":11692,"href":"https:\/\/ferrolan.es\/blog\/wp-json\/wp\/v2\/posts\/722\/revisions\/11692"}],"wp:featuredmedia":[{"embeddable":true,"href":"https:\/\/ferrolan.es\/blog\/wp-json\/wp\/v2\/media\/723"}],"wp:attachment":[{"href":"https:\/\/ferrolan.es\/blog\/wp-json\/wp\/v2\/media?parent=722"}],"wp:term":[{"taxonomy":"category","embeddable":true,"href":"https:\/\/ferrolan.es\/blog\/wp-json\/wp\/v2\/categories?post=722"},{"taxonomy":"post_tag","embeddable":true,"href":"https:\/\/ferrolan.es\/blog\/wp-json\/wp\/v2\/tags?post=722"}],"curies":[{"name":"wp","href":"https:\/\/api.w.org\/{rel}","templated":true}]}}