{"id":8407,"date":"2023-06-06T18:44:11","date_gmt":"2023-06-06T16:44:11","guid":{"rendered":"https:\/\/ferrolan.es\/blog\/?p=8407"},"modified":"2023-06-06T18:52:54","modified_gmt":"2023-06-06T16:52:54","slug":"jornada-deportiva-puig-castellar","status":"publish","type":"post","link":"https:\/\/ferrolan.es\/blog\/jornada-deportiva-puig-castellar\/","title":{"rendered":"Ferrolan apoya la jornada deportiva en la Escuela Puig Castellar"},"content":{"rendered":"[vc_row type=\u00bbin_container\u00bb full_screen_row_position=\u00bbmiddle\u00bb column_margin=\u00bbdefault\u00bb column_direction=\u00bbdefault\u00bb column_direction_tablet=\u00bbdefault\u00bb column_direction_phone=\u00bbdefault\u00bb scene_position=\u00bbcenter\u00bb text_color=\u00bbdark\u00bb text_align=\u00bbleft\u00bb row_border_radius=\u00bbnone\u00bb row_border_radius_applies=\u00bbbg\u00bb overflow=\u00bbvisible\u00bb overlay_strength=\u00bb0.3&#8243; gradient_direction=\u00bbleft_to_right\u00bb shape_divider_position=\u00bbbottom\u00bb bg_image_animation=\u00bbnone\u00bb][vc_column column_padding=\u00bbno-extra-padding\u00bb column_padding_tablet=\u00bbinherit\u00bb column_padding_phone=\u00bbinherit\u00bb column_padding_position=\u00bball\u00bb column_element_spacing=\u00bbdefault\u00bb background_color_opacity=\u00bb1&#8243; background_hover_color_opacity=\u00bb1&#8243; column_shadow=\u00bbnone\u00bb column_border_radius=\u00bbnone\u00bb column_link_target=\u00bb_self\u00bb column_position=\u00bbdefault\u00bb gradient_direction=\u00bbleft_to_right\u00bb overlay_strength=\u00bb0.3&#8243; width=\u00bb1\/1&#8243; tablet_width_inherit=\u00bbdefault\u00bb tablet_text_alignment=\u00bbdefault\u00bb phone_text_alignment=\u00bbdefault\u00bb animation_type=\u00bbdefault\u00bb bg_image_animation=\u00bbnone\u00bb border_type=\u00bbsimple\u00bb column_border_width=\u00bbnone\u00bb column_border_style=\u00bbsolid\u00bb][vc_column_text]En <strong>Ferrolan<\/strong>, siempre comprometidos con la educaci\u00f3n, el deporte y la sociedad, hemos tenido la oportunidad de colaborar en la<strong> I Jornada Deportiva organizada por la Escuela Puig Castellar<\/strong>. Este evento deportivo, organizado por los estudiantes de 3\u00ba y 4\u00ba de la ESO, ha sido dirigido a los alumnos m\u00e1s j\u00f3venes de la escuela, creando un maravilloso ambiente deportivo y fomentando roles de liderazgo y responsabilidad entre los organizadores.[\/vc_column_text][image_with_animation image_url=\u00bb8411&#8243; image_size=\u00bbfull\u00bb animation_type=\u00bbentrance\u00bb animation=\u00bbNone\u00bb hover_animation=\u00bbnone\u00bb alignment=\u00bb\u00bb border_radius=\u00bbnone\u00bb box_shadow=\u00bbnone\u00bb image_loading=\u00bbdefault\u00bb max_width=\u00bb100%\u00bb max_width_mobile=\u00bbdefault\u00bb][\/vc_column][\/vc_row][vc_row type=\u00bbin_container\u00bb full_screen_row_position=\u00bbmiddle\u00bb column_margin=\u00bbdefault\u00bb column_direction=\u00bbdefault\u00bb column_direction_tablet=\u00bbdefault\u00bb column_direction_phone=\u00bbdefault\u00bb scene_position=\u00bbcenter\u00bb text_color=\u00bbdark\u00bb text_align=\u00bbleft\u00bb row_border_radius=\u00bbnone\u00bb row_border_radius_applies=\u00bbbg\u00bb overflow=\u00bbvisible\u00bb overlay_strength=\u00bb0.3&#8243; gradient_direction=\u00bbleft_to_right\u00bb shape_divider_position=\u00bbbottom\u00bb bg_image_animation=\u00bbnone\u00bb][vc_column column_padding=\u00bbno-extra-padding\u00bb column_padding_tablet=\u00bbinherit\u00bb column_padding_phone=\u00bbinherit\u00bb column_padding_position=\u00bball\u00bb column_element_spacing=\u00bbdefault\u00bb background_color_opacity=\u00bb1&#8243; background_hover_color_opacity=\u00bb1&#8243; column_shadow=\u00bbnone\u00bb column_border_radius=\u00bbnone\u00bb column_link_target=\u00bb_self\u00bb column_position=\u00bbdefault\u00bb gradient_direction=\u00bbleft_to_right\u00bb overlay_strength=\u00bb0.3&#8243; width=\u00bb1\/1&#8243; tablet_width_inherit=\u00bbdefault\u00bb tablet_text_alignment=\u00bbdefault\u00bb phone_text_alignment=\u00bbdefault\u00bb animation_type=\u00bbdefault\u00bb bg_image_animation=\u00bbnone\u00bb border_type=\u00bbsimple\u00bb column_border_width=\u00bbnone\u00bb column_border_style=\u00bbsolid\u00bb][vc_column_text]Como empresa a la vanguardia en el apoyo a iniciativas que marcan la diferencia, nos enorgullece haber aportado nuestro grano de arena, aportando ropa para la competici\u00f3n, as\u00ed como material para ornamentar la l\u00ednea de salida. En <strong>Ferrolan<\/strong>, creemos firmemente en el poder de la educaci\u00f3n y el deporte para cambiar vidas y construir una sociedad mejor. As\u00ed que estamos orgullosos de haber podido contribuir a esta jornada deportiva y educativa.[\/vc_column_text][\/vc_column][\/vc_row][vc_row type=\u00bbin_container\u00bb full_screen_row_position=\u00bbmiddle\u00bb column_margin=\u00bbdefault\u00bb column_direction=\u00bbdefault\u00bb column_direction_tablet=\u00bbdefault\u00bb column_direction_phone=\u00bbdefault\u00bb scene_position=\u00bbcenter\u00bb text_color=\u00bbdark\u00bb text_align=\u00bbleft\u00bb row_border_radius=\u00bbnone\u00bb row_border_radius_applies=\u00bbbg\u00bb overflow=\u00bbvisible\u00bb overlay_strength=\u00bb0.3&#8243; gradient_direction=\u00bbleft_to_right\u00bb shape_divider_position=\u00bbbottom\u00bb bg_image_animation=\u00bbnone\u00bb][vc_column column_padding=\u00bbno-extra-padding\u00bb column_padding_tablet=\u00bbinherit\u00bb column_padding_phone=\u00bbinherit\u00bb column_padding_position=\u00bball\u00bb column_element_spacing=\u00bbdefault\u00bb background_color_opacity=\u00bb1&#8243; background_hover_color_opacity=\u00bb1&#8243; column_shadow=\u00bbnone\u00bb column_border_radius=\u00bbnone\u00bb column_link_target=\u00bb_self\u00bb column_position=\u00bbdefault\u00bb gradient_direction=\u00bbleft_to_right\u00bb overlay_strength=\u00bb0.3&#8243; width=\u00bb1\/1&#8243; tablet_width_inherit=\u00bbdefault\u00bb tablet_text_alignment=\u00bbdefault\u00bb phone_text_alignment=\u00bbdefault\u00bb animation_type=\u00bbdefault\u00bb bg_image_animation=\u00bbnone\u00bb border_type=\u00bbsimple\u00bb column_border_width=\u00bbnone\u00bb column_border_style=\u00bbsolid\u00bb][vc_column_text]Queremos expresar nuestro m\u00e1s profundo agradecimiento a los estudiantes, al profesorado de la escuela y a todos los que han hecho posible esta jornada deportiva. Su dedicaci\u00f3n y esfuerzo son un verdadero reflejo de los valores que promovemos en <strong>Ferrolan<\/strong>. Estamos convencidos de que acciones como \u00e9sta contribuyen a la construcci\u00f3n de una sociedad m\u00e1s fuerte y cohesionada.[\/vc_column_text][\/vc_column][\/vc_row]\n","protected":false},"excerpt":{"rendered":"<p>[vc_row type=\u00bbin_container\u00bb full_screen_row_position=\u00bbmiddle\u00bb column_margin=\u00bbdefault\u00bb column_direction=\u00bbdefault\u00bb column_direction_tablet=\u00bbdefault\u00bb column_direction_phone=\u00bbdefault\u00bb scene_position=\u00bbcenter\u00bb text_color=\u00bbdark\u00bb text_align=\u00bbleft\u00bb row_border_radius=\u00bbnone\u00bb row_border_radius_applies=\u00bbbg\u00bb overflow=\u00bbvisible\u00bb overlay_strength=\u00bb0.3&#8243; gradient_direction=\u00bbleft_to_right\u00bb shape_divider_position=\u00bbbottom\u00bb bg_image_animation=\u00bbnone\u00bb][vc_column column_padding=\u00bbno-extra-padding\u00bb column_padding_tablet=\u00bbinherit\u00bb column_padding_phone=\u00bbinherit\u00bb column_padding_position=\u00bball\u00bb column_element_spacing=\u00bbdefault\u00bb background_color_opacity=\u00bb1&#8243; background_hover_color_opacity=\u00bb1&#8243; column_shadow=\u00bbnone\u00bb column_border_radius=\u00bbnone\u00bb column_link_target=\u00bb_self\u00bb column_position=\u00bbdefault\u00bb gradient_direction=\u00bbleft_to_right\u00bb overlay_strength=\u00bb0.3&#8243;&#8230;<\/p>\n","protected":false},"author":2,"featured_media":8411,"comment_status":"open","ping_status":"open","sticky":false,"template":"","format":"standard","meta":{"footnotes":""},"categories":[1091,1088],"tags":[],"class_list":{"0":"post-8407","1":"post","2":"type-post","3":"status-publish","4":"format-standard","5":"has-post-thumbnail","7":"category-eventos","8":"category-noticias"},"yoast_head":"<!-- This site is optimized with the Yoast SEO plugin v20.7 - https:\/\/yoast.com\/wordpress\/plugins\/seo\/ -->\n<title>Ferrolan apoya la jornada deportiva en la Escuela Puig Castellar - Ferrolan Blog<\/title>\n<meta name=\"robots\" content=\"noindex, follow\" \/>\n<meta property=\"og:locale\" content=\"es_ES\" \/>\n<meta property=\"og:type\" content=\"article\" \/>\n<meta property=\"og:title\" content=\"Ferrolan apoya la jornada deportiva en la Escuela Puig Castellar - Ferrolan Blog\" \/>\n<meta property=\"og:description\" content=\"[vc_row type=\u00bbin_container\u00bb full_screen_row_position=\u00bbmiddle\u00bb column_margin=\u00bbdefault\u00bb column_direction=\u00bbdefault\u00bb column_direction_tablet=\u00bbdefault\u00bb column_direction_phone=\u00bbdefault\u00bb scene_position=\u00bbcenter\u00bb text_color=\u00bbdark\u00bb text_align=\u00bbleft\u00bb row_border_radius=\u00bbnone\u00bb row_border_radius_applies=\u00bbbg\u00bb overflow=\u00bbvisible\u00bb overlay_strength=\u00bb0.3&#8243; gradient_direction=\u00bbleft_to_right\u00bb shape_divider_position=\u00bbbottom\u00bb bg_image_animation=\u00bbnone\u00bb][vc_column column_padding=\u00bbno-extra-padding\u00bb column_padding_tablet=\u00bbinherit\u00bb column_padding_phone=\u00bbinherit\u00bb column_padding_position=\u00bball\u00bb column_element_spacing=\u00bbdefault\u00bb background_color_opacity=\u00bb1&#8243; background_hover_color_opacity=\u00bb1&#8243; column_shadow=\u00bbnone\u00bb column_border_radius=\u00bbnone\u00bb column_link_target=\u00bb_self\u00bb column_position=\u00bbdefault\u00bb gradient_direction=\u00bbleft_to_right\u00bb overlay_strength=\u00bb0.3&#8243;...\" \/>\n<meta property=\"og:url\" content=\"https:\/\/ferrolan.es\/blog\/jornada-deportiva-puig-castellar\/\" \/>\n<meta property=\"og:site_name\" content=\"Ferrolan Blog\" \/>\n<meta property=\"article:published_time\" content=\"2023-06-06T16:44:11+00:00\" \/>\n<meta property=\"article:modified_time\" content=\"2023-06-06T16:52:54+00:00\" \/>\n<meta property=\"og:image\" content=\"https:\/\/ferrolan.es\/blog\/wp-content\/uploads\/2023\/06\/puig-castellar.jpg\" \/>\n\t<meta property=\"og:image:width\" content=\"1024\" \/>\n\t<meta property=\"og:image:height\" content=\"768\" \/>\n\t<meta property=\"og:image:type\" content=\"image\/jpeg\" \/>\n<meta name=\"author\" content=\"Ferrolan\" \/>\n<meta name=\"twitter:card\" content=\"summary_large_image\" \/>\n<meta name=\"twitter:label1\" content=\"Escrito por\" \/>\n\t<meta name=\"twitter:data1\" content=\"Ferrolan\" \/>\n\t<meta name=\"twitter:label2\" content=\"Tiempo de lectura\" \/>\n\t<meta name=\"twitter:data2\" content=\"2 minutos\" \/>\n<script type=\"application\/ld+json\" class=\"yoast-schema-graph\">{\"@context\":\"https:\/\/schema.org\",\"@graph\":[{\"@type\":\"WebPage\",\"@id\":\"https:\/\/ferrolan.es\/blog\/jornada-deportiva-puig-castellar\/\",\"url\":\"https:\/\/ferrolan.es\/blog\/jornada-deportiva-puig-castellar\/\",\"name\":\"Ferrolan apoya la jornada deportiva en la Escuela Puig Castellar - Ferrolan Blog\",\"isPartOf\":{\"@id\":\"https:\/\/ferrolan.es\/blog\/#website\"},\"datePublished\":\"2023-06-06T16:44:11+00:00\",\"dateModified\":\"2023-06-06T16:52:54+00:00\",\"author\":{\"@id\":\"https:\/\/ferrolan.es\/blog\/#\/schema\/person\/5f821ed7b37d03887255cc1869b7bd54\"},\"breadcrumb\":{\"@id\":\"https:\/\/ferrolan.es\/blog\/jornada-deportiva-puig-castellar\/#breadcrumb\"},\"inLanguage\":\"es\",\"potentialAction\":[{\"@type\":\"ReadAction\",\"target\":[\"https:\/\/ferrolan.es\/blog\/jornada-deportiva-puig-castellar\/\"]}]},{\"@type\":\"BreadcrumbList\",\"@id\":\"https:\/\/ferrolan.es\/blog\/jornada-deportiva-puig-castellar\/#breadcrumb\",\"itemListElement\":[{\"@type\":\"ListItem\",\"position\":1,\"name\":\"Portada\",\"item\":\"https:\/\/ferrolan.es\/blog\/\"},{\"@type\":\"ListItem\",\"position\":2,\"name\":\"Ferrolan apoya la jornada deportiva en la Escuela Puig Castellar\"}]},{\"@type\":\"WebSite\",\"@id\":\"https:\/\/ferrolan.es\/blog\/#website\",\"url\":\"https:\/\/ferrolan.es\/blog\/\",\"name\":\"Ferrolan Blog\",\"description\":\"\",\"potentialAction\":[{\"@type\":\"SearchAction\",\"target\":{\"@type\":\"EntryPoint\",\"urlTemplate\":\"https:\/\/ferrolan.es\/blog\/?s={search_term_string}\"},\"query-input\":\"required name=search_term_string\"}],\"inLanguage\":\"es\"},{\"@type\":\"Person\",\"@id\":\"https:\/\/ferrolan.es\/blog\/#\/schema\/person\/5f821ed7b37d03887255cc1869b7bd54\",\"name\":\"Ferrolan\",\"image\":{\"@type\":\"ImageObject\",\"inLanguage\":\"es\",\"@id\":\"https:\/\/ferrolan.es\/blog\/#\/schema\/person\/image\/\",\"url\":\"https:\/\/secure.gravatar.com\/avatar\/b149d5904395425b1d5615ad2b7afdd232b37e43a107dfe2e261cf16e3f852bb?s=96&d=mm&r=g\",\"contentUrl\":\"https:\/\/secure.gravatar.com\/avatar\/b149d5904395425b1d5615ad2b7afdd232b37e43a107dfe2e261cf16e3f852bb?s=96&d=mm&r=g\",\"caption\":\"Ferrolan\"}}]}<\/script>\n<!-- \/ Yoast SEO plugin. -->","yoast_head_json":{"title":"Ferrolan apoya la jornada deportiva en la Escuela Puig Castellar - Ferrolan Blog","robots":{"index":"noindex","follow":"follow"},"og_locale":"es_ES","og_type":"article","og_title":"Ferrolan apoya la jornada deportiva en la Escuela Puig Castellar - Ferrolan Blog","og_description":"[vc_row type=\u00bbin_container\u00bb full_screen_row_position=\u00bbmiddle\u00bb column_margin=\u00bbdefault\u00bb column_direction=\u00bbdefault\u00bb column_direction_tablet=\u00bbdefault\u00bb column_direction_phone=\u00bbdefault\u00bb scene_position=\u00bbcenter\u00bb text_color=\u00bbdark\u00bb text_align=\u00bbleft\u00bb row_border_radius=\u00bbnone\u00bb row_border_radius_applies=\u00bbbg\u00bb overflow=\u00bbvisible\u00bb overlay_strength=\u00bb0.3&#8243; gradient_direction=\u00bbleft_to_right\u00bb shape_divider_position=\u00bbbottom\u00bb bg_image_animation=\u00bbnone\u00bb][vc_column column_padding=\u00bbno-extra-padding\u00bb column_padding_tablet=\u00bbinherit\u00bb column_padding_phone=\u00bbinherit\u00bb column_padding_position=\u00bball\u00bb column_element_spacing=\u00bbdefault\u00bb background_color_opacity=\u00bb1&#8243; background_hover_color_opacity=\u00bb1&#8243; column_shadow=\u00bbnone\u00bb column_border_radius=\u00bbnone\u00bb column_link_target=\u00bb_self\u00bb column_position=\u00bbdefault\u00bb gradient_direction=\u00bbleft_to_right\u00bb overlay_strength=\u00bb0.3&#8243;...","og_url":"https:\/\/ferrolan.es\/blog\/jornada-deportiva-puig-castellar\/","og_site_name":"Ferrolan Blog","article_published_time":"2023-06-06T16:44:11+00:00","article_modified_time":"2023-06-06T16:52:54+00:00","og_image":[{"width":1024,"height":768,"url":"https:\/\/ferrolan.es\/blog\/wp-content\/uploads\/2023\/06\/puig-castellar.jpg","type":"image\/jpeg"}],"author":"Ferrolan","twitter_card":"summary_large_image","twitter_misc":{"Escrito por":"Ferrolan","Tiempo de lectura":"2 minutos"},"schema":{"@context":"https:\/\/schema.org","@graph":[{"@type":"WebPage","@id":"https:\/\/ferrolan.es\/blog\/jornada-deportiva-puig-castellar\/","url":"https:\/\/ferrolan.es\/blog\/jornada-deportiva-puig-castellar\/","name":"Ferrolan apoya la jornada deportiva en la Escuela Puig Castellar - Ferrolan Blog","isPartOf":{"@id":"https:\/\/ferrolan.es\/blog\/#website"},"datePublished":"2023-06-06T16:44:11+00:00","dateModified":"2023-06-06T16:52:54+00:00","author":{"@id":"https:\/\/ferrolan.es\/blog\/#\/schema\/person\/5f821ed7b37d03887255cc1869b7bd54"},"breadcrumb":{"@id":"https:\/\/ferrolan.es\/blog\/jornada-deportiva-puig-castellar\/#breadcrumb"},"inLanguage":"es","potentialAction":[{"@type":"ReadAction","target":["https:\/\/ferrolan.es\/blog\/jornada-deportiva-puig-castellar\/"]}]},{"@type":"BreadcrumbList","@id":"https:\/\/ferrolan.es\/blog\/jornada-deportiva-puig-castellar\/#breadcrumb","itemListElement":[{"@type":"ListItem","position":1,"name":"Portada","item":"https:\/\/ferrolan.es\/blog\/"},{"@type":"ListItem","position":2,"name":"Ferrolan apoya la jornada deportiva en la Escuela Puig Castellar"}]},{"@type":"WebSite","@id":"https:\/\/ferrolan.es\/blog\/#website","url":"https:\/\/ferrolan.es\/blog\/","name":"Ferrolan Blog","description":"","potentialAction":[{"@type":"SearchAction","target":{"@type":"EntryPoint","urlTemplate":"https:\/\/ferrolan.es\/blog\/?s={search_term_string}"},"query-input":"required name=search_term_string"}],"inLanguage":"es"},{"@type":"Person","@id":"https:\/\/ferrolan.es\/blog\/#\/schema\/person\/5f821ed7b37d03887255cc1869b7bd54","name":"Ferrolan","image":{"@type":"ImageObject","inLanguage":"es","@id":"https:\/\/ferrolan.es\/blog\/#\/schema\/person\/image\/","url":"https:\/\/secure.gravatar.com\/avatar\/b149d5904395425b1d5615ad2b7afdd232b37e43a107dfe2e261cf16e3f852bb?s=96&d=mm&r=g","contentUrl":"https:\/\/secure.gravatar.com\/avatar\/b149d5904395425b1d5615ad2b7afdd232b37e43a107dfe2e261cf16e3f852bb?s=96&d=mm&r=g","caption":"Ferrolan"}}]}},"_links":{"self":[{"href":"https:\/\/ferrolan.es\/blog\/wp-json\/wp\/v2\/posts\/8407","targetHints":{"allow":["GET"]}}],"collection":[{"href":"https:\/\/ferrolan.es\/blog\/wp-json\/wp\/v2\/posts"}],"about":[{"href":"https:\/\/ferrolan.es\/blog\/wp-json\/wp\/v2\/types\/post"}],"author":[{"embeddable":true,"href":"https:\/\/ferrolan.es\/blog\/wp-json\/wp\/v2\/users\/2"}],"replies":[{"embeddable":true,"href":"https:\/\/ferrolan.es\/blog\/wp-json\/wp\/v2\/comments?post=8407"}],"version-history":[{"count":6,"href":"https:\/\/ferrolan.es\/blog\/wp-json\/wp\/v2\/posts\/8407\/revisions"}],"predecessor-version":[{"id":8414,"href":"https:\/\/ferrolan.es\/blog\/wp-json\/wp\/v2\/posts\/8407\/revisions\/8414"}],"wp:featuredmedia":[{"embeddable":true,"href":"https:\/\/ferrolan.es\/blog\/wp-json\/wp\/v2\/media\/8411"}],"wp:attachment":[{"href":"https:\/\/ferrolan.es\/blog\/wp-json\/wp\/v2\/media?parent=8407"}],"wp:term":[{"taxonomy":"category","embeddable":true,"href":"https:\/\/ferrolan.es\/blog\/wp-json\/wp\/v2\/categories?post=8407"},{"taxonomy":"post_tag","embeddable":true,"href":"https:\/\/ferrolan.es\/blog\/wp-json\/wp\/v2\/tags?post=8407"}],"curies":[{"name":"wp","href":"https:\/\/api.w.org\/{rel}","templated":true}]}}